{"id":1,"date":"2023-11-14T14:52:22","date_gmt":"2023-11-14T13:52:22","guid":{"rendered":"http:\/\/diderot.education\/65537b9653b8d-lea-perego\/?p=1"},"modified":"2024-02-16T17:15:11","modified_gmt":"2024-02-16T16:15:11","slug":"journee-mondiale-des-zones-humides","status":"publish","type":"post","link":"http:\/\/diderot.education\/65537b9653b8d-lea-perego\/2023\/11\/14\/journee-mondiale-des-zones-humides\/","title":{"rendered":"Journ\u00e9e mondiale des Zones Humides"},"content":{"rendered":"\t\t<div data-elementor-type=\"wp-post\" data-elementor-id=\"1\" class=\"elementor elementor-1\">\n\t\t\t\t\t\t<section class=\"elementor-section elementor-top-section elementor-element elementor-element-3cab6640 elementor-section-boxed elementor-section-height-default elementor-section-height-default wpr-particle-no wpr-jarallax-no wpr-parallax-no wpr-sticky-section-no wpr-equal-height-no\" data-id=\"3cab6640\" data-element_type=\"section\" data-e-type=\"section\">\n\t\t\t\t\t\t<div class=\"elementor-container elementor-column-gap-default\">\n\t\t\t\t\t<div class=\"elementor-column elementor-col-100 elementor-top-column elementor-element elementor-element-fa37704\" data-id=\"fa37704\" data-element_type=\"column\" data-e-type=\"column\">\n\t\t\t<div class=\"elementor-widget-wrap elementor-element-populated\">\n\t\t\t\t\t\t<div class=\"elementor-element elementor-element-48eced9e elementor-widget elementor-widget-text-editor\" data-id=\"48eced9e\" data-element_type=\"widget\" data-e-type=\"widget\" data-widget_type=\"text-editor.default\">\n\t\t\t\t<div class=\"elementor-widget-container\">\n\t\t\t\t\t\t\t\t\t<p><span style=\"color: var( --e-global-color-text );font-family: var( --e-global-typography-text-font-family ), Sans-serif;font-weight: var( --e-global-typography-text-font-weight );background-color: var( --e-global-color-primary );font-size: 1rem\">Le 2 f\u00e9vrier c&rsquo;\u00e9tait la journ\u00e9e mondiale des zones humides et \u00e0 l&rsquo;occasion l&rsquo;antenne Tarn de la LPO Occitanie\u00a0organisait le 3 f\u00e9vrier une journ\u00e9e \u00e0 la R\u00e9serve Naturelle de Cambounet sur le Sor. Cette journ\u00e9e \u00e9tait divis\u00e9e en 2: le matin une sortie ornithologique et l&rsquo;apr\u00e8s-midi, un chantier sur la r\u00e9serve.<\/span><\/p><p>Voici donc un condens\u00e9 des observations du matin avec une nouvelle esp\u00e8ce ajout\u00e9e \u00e0 mon Pok\u00e9dex Ornitho: la Nette rousse. <img decoding=\"async\" class=\"emoji\" role=\"img\" src=\"https:\/\/s.w.org\/images\/core\/emoji\/14.0.0\/svg\/1f986.svg\" alt=\"\ud83e\udd86\" \/><\/p><p>En tout cas, encore une belle journ\u00e9e ensoleill\u00e9e pass\u00e9e avec la LPO du Tarn. <img decoding=\"async\" class=\"emoji\" role=\"img\" src=\"https:\/\/s.w.org\/images\/core\/emoji\/14.0.0\/svg\/2600.svg\" alt=\"\u2600\" \/><\/p><p>A bient\u00f4t pour de nouvelles sorties\/observations !<\/p><p>L\u00e9a<\/p>\t\t\t\t\t\t\t\t<\/div>\n\t\t\t\t<\/div>\n\t\t\t\t\t<\/div>\n\t\t<\/div>\n\t\t\t\t\t<\/div>\n\t\t<\/section>\n\t\t\t\t<section class=\"elementor-section elementor-top-section elementor-element elementor-element-29d27f7 elementor-section-boxed elementor-section-height-default elementor-section-height-default wpr-particle-no wpr-jarallax-no wpr-parallax-no wpr-sticky-section-no wpr-equal-height-no\" data-id=\"29d27f7\" data-element_type=\"section\" data-e-type=\"section\">\n\t\t\t\t\t\t<div class=\"elementor-container elementor-column-gap-default\">\n\t\t\t\t\t<div class=\"elementor-column elementor-col-100 elementor-top-column elementor-element elementor-element-04ff87f\" data-id=\"04ff87f\" data-element_type=\"column\" data-e-type=\"column\">\n\t\t\t<div class=\"elementor-widget-wrap elementor-element-populated\">\n\t\t\t\t\t\t<div class=\"elementor-element elementor-element-9b94814 elementor-widget elementor-widget-video\" data-id=\"9b94814\" data-element_type=\"widget\" data-e-type=\"widget\" data-settings=\"{&quot;youtube_url&quot;:&quot;https:\\\/\\\/youtu.be\\\/GFoluWsnXMs&quot;,&quot;video_type&quot;:&quot;youtube&quot;,&quot;controls&quot;:&quot;yes&quot;}\" data-widget_type=\"video.default\">\n\t\t\t\t<div class=\"elementor-widget-container\">\n\t\t\t\t\t\t\t<div class=\"elementor-wrapper elementor-open-inline\">\n\t\t\t<div class=\"elementor-video\"><\/div>\t\t<\/div>\n\t\t\t\t\t\t<\/div>\n\t\t\t\t<\/div>\n\t\t\t\t\t<\/div>\n\t\t<\/div>\n\t\t\t\t\t<\/div>\n\t\t<\/section>\n\t\t\t\t<\/div>\n\t\t","protected":false},"excerpt":{"rendered":"<p>Le 2 f\u00e9vrier c&rsquo;\u00e9tait la journ\u00e9e mondiale des zones humides et \u00e0 l&rsquo;occasion l&rsquo;antenne Tarn de la LPO Occitanie\u00a0organisait le 3 f\u00e9vrier une journ\u00e9e \u00e0 la R\u00e9serve Naturelle de Cambounet sur le Sor. Cette journ\u00e9e \u00e9tait divis\u00e9e en 2: le matin une sortie ornithologique et l&rsquo;apr\u00e8s-midi, un chantier sur la r\u00e9serve. Voici donc un condens\u00e9 des observations du matin avec une nouvelle esp\u00e8ce ajout\u00e9e \u00e0 mon Pok\u00e9dex Ornitho: la Nette rousse. En tout cas, encore une belle journ\u00e9e ensoleill\u00e9e pass\u00e9e avec la LPO du Tarn. A bient\u00f4t pour de nouvelles sorties\/observations ! L\u00e9a https:\/\/youtu.be\/GFoluWsnXMs<\/p>\n","protected":false},"author":436,"featured_media":335,"comment_status":"open","ping_status":"open","sticky":false,"template":"","format":"standard","meta":{"om_disable_all_campaigns":false,"footnotes":""},"categories":[4],"tags":[],"class_list":["post-1","post","type-post","status-publish","format-standard","has-post-thumbnail","hentry","category-sorties"],"featured_image_src":"http:\/\/diderot.education\/65537b9653b8d-lea-perego\/wp-content\/uploads\/sites\/434\/2023\/11\/william-foley-4JmjPBl5Vq4-unsplash-1-scaled.jpg","author_info":{"display_name":"leaperego","author_link":"http:\/\/diderot.education\/65537b9653b8d-lea-perego\/author\/leaperego\/"},"yoast_head":"<!-- This site is optimized with the Yoast SEO plugin v27.5 - https:\/\/yoast.com\/product\/yoast-seo-wordpress\/ -->\n<title>Journ\u00e9e mondiale des Zones Humides - L\u00e9a Perego<\/title>\n<meta name=\"description\" content=\"Le 2 f\u00e9vrier, c&#039;\u00e9tait la journ\u00e9e mondiale des zones humides. A l&#039;occasion, la LPO du Tarn organisait une sortie ornitho.\" \/>\n<meta name=\"robots\" content=\"index, follow, max-snippet:-1, max-image-preview:large, max-video-preview:-1\" \/>\n<link rel=\"canonical\" href=\"http:\/\/diderot.education\/65537b9653b8d-lea-perego\/2023\/11\/14\/journee-mondiale-des-zones-humides\/\" \/>\n<meta property=\"og:locale\" content=\"fr_FR\" \/>\n<meta property=\"og:type\" content=\"article\" \/>\n<meta property=\"og:title\" content=\"Journ\u00e9e mondiale des Zones Humides - L\u00e9a Perego\" \/>\n<meta property=\"og:description\" content=\"Le 2 f\u00e9vrier, c&#039;\u00e9tait la journ\u00e9e mondiale des zones humides. A l&#039;occasion, la LPO du Tarn organisait une sortie ornitho.\" \/>\n<meta property=\"og:url\" content=\"http:\/\/diderot.education\/65537b9653b8d-lea-perego\/2023\/11\/14\/journee-mondiale-des-zones-humides\/\" \/>\n<meta property=\"og:site_name\" content=\"L\u00e9a Perego\" \/>\n<meta property=\"article:published_time\" content=\"2023-11-14T13:52:22+00:00\" \/>\n<meta property=\"article:modified_time\" content=\"2024-02-16T16:15:11+00:00\" \/>\n<meta property=\"og:image\" content=\"http:\/\/diderot.education\/65537b9653b8d-lea-perego\/wp-content\/uploads\/sites\/434\/2023\/11\/william-foley-4JmjPBl5Vq4-unsplash-1-scaled.jpg\" \/>\n\t<meta property=\"og:image:width\" content=\"2560\" \/>\n\t<meta property=\"og:image:height\" content=\"2048\" \/>\n\t<meta property=\"og:image:type\" content=\"image\/jpeg\" \/>\n<meta name=\"author\" content=\"leaperego\" \/>\n<meta name=\"twitter:card\" content=\"summary_large_image\" \/>\n<meta name=\"twitter:label1\" content=\"\u00c9crit par\" \/>\n\t<meta name=\"twitter:data1\" content=\"leaperego\" \/>\n\t<meta name=\"twitter:label2\" content=\"Dur\u00e9e de lecture estim\u00e9e\" \/>\n\t<meta name=\"twitter:data2\" content=\"2 minutes\" \/>\n<script type=\"application\/ld+json\" class=\"yoast-schema-graph\">{\"@context\":\"https:\\\/\\\/schema.org\",\"@graph\":[{\"@type\":\"Article\",\"@id\":\"http:\\\/\\\/diderot.education\\\/65537b9653b8d-lea-perego\\\/2023\\\/11\\\/14\\\/journee-mondiale-des-zones-humides\\\/#article\",\"isPartOf\":{\"@id\":\"http:\\\/\\\/diderot.education\\\/65537b9653b8d-lea-perego\\\/2023\\\/11\\\/14\\\/journee-mondiale-des-zones-humides\\\/\"},\"author\":{\"name\":\"leaperego\",\"@id\":\"http:\\\/\\\/diderot.education\\\/65537b9653b8d-lea-perego\\\/#\\\/schema\\\/person\\\/d9fe9ef617f09572fcaad69caba7d6d0\"},\"headline\":\"Journ\u00e9e mondiale des Zones Humides\",\"datePublished\":\"2023-11-14T13:52:22+00:00\",\"dateModified\":\"2024-02-16T16:15:11+00:00\",\"mainEntityOfPage\":{\"@id\":\"http:\\\/\\\/diderot.education\\\/65537b9653b8d-lea-perego\\\/2023\\\/11\\\/14\\\/journee-mondiale-des-zones-humides\\\/\"},\"wordCount\":118,\"commentCount\":0,\"image\":{\"@id\":\"http:\\\/\\\/diderot.education\\\/65537b9653b8d-lea-perego\\\/2023\\\/11\\\/14\\\/journee-mondiale-des-zones-humides\\\/#primaryimage\"},\"thumbnailUrl\":\"http:\\\/\\\/diderot.education\\\/65537b9653b8d-lea-perego\\\/wp-content\\\/uploads\\\/sites\\\/434\\\/2023\\\/11\\\/william-foley-4JmjPBl5Vq4-unsplash-1-scaled.jpg\",\"articleSection\":[\"Sorties\"],\"inLanguage\":\"fr-FR\",\"potentialAction\":[{\"@type\":\"CommentAction\",\"name\":\"Comment\",\"target\":[\"http:\\\/\\\/diderot.education\\\/65537b9653b8d-lea-perego\\\/2023\\\/11\\\/14\\\/journee-mondiale-des-zones-humides\\\/#respond\"]}]},{\"@type\":\"WebPage\",\"@id\":\"http:\\\/\\\/diderot.education\\\/65537b9653b8d-lea-perego\\\/2023\\\/11\\\/14\\\/journee-mondiale-des-zones-humides\\\/\",\"url\":\"http:\\\/\\\/diderot.education\\\/65537b9653b8d-lea-perego\\\/2023\\\/11\\\/14\\\/journee-mondiale-des-zones-humides\\\/\",\"name\":\"Journ\u00e9e mondiale des Zones Humides - L\u00e9a Perego\",\"isPartOf\":{\"@id\":\"http:\\\/\\\/diderot.education\\\/65537b9653b8d-lea-perego\\\/#website\"},\"primaryImageOfPage\":{\"@id\":\"http:\\\/\\\/diderot.education\\\/65537b9653b8d-lea-perego\\\/2023\\\/11\\\/14\\\/journee-mondiale-des-zones-humides\\\/#primaryimage\"},\"image\":{\"@id\":\"http:\\\/\\\/diderot.education\\\/65537b9653b8d-lea-perego\\\/2023\\\/11\\\/14\\\/journee-mondiale-des-zones-humides\\\/#primaryimage\"},\"thumbnailUrl\":\"http:\\\/\\\/diderot.education\\\/65537b9653b8d-lea-perego\\\/wp-content\\\/uploads\\\/sites\\\/434\\\/2023\\\/11\\\/william-foley-4JmjPBl5Vq4-unsplash-1-scaled.jpg\",\"datePublished\":\"2023-11-14T13:52:22+00:00\",\"dateModified\":\"2024-02-16T16:15:11+00:00\",\"author\":{\"@id\":\"http:\\\/\\\/diderot.education\\\/65537b9653b8d-lea-perego\\\/#\\\/schema\\\/person\\\/d9fe9ef617f09572fcaad69caba7d6d0\"},\"description\":\"Le 2 f\u00e9vrier, c'\u00e9tait la journ\u00e9e mondiale des zones humides. A l'occasion, la LPO du Tarn organisait une sortie ornitho.\",\"breadcrumb\":{\"@id\":\"http:\\\/\\\/diderot.education\\\/65537b9653b8d-lea-perego\\\/2023\\\/11\\\/14\\\/journee-mondiale-des-zones-humides\\\/#breadcrumb\"},\"inLanguage\":\"fr-FR\",\"potentialAction\":[{\"@type\":\"ReadAction\",\"target\":[\"http:\\\/\\\/diderot.education\\\/65537b9653b8d-lea-perego\\\/2023\\\/11\\\/14\\\/journee-mondiale-des-zones-humides\\\/\"]}]},{\"@type\":\"ImageObject\",\"inLanguage\":\"fr-FR\",\"@id\":\"http:\\\/\\\/diderot.education\\\/65537b9653b8d-lea-perego\\\/2023\\\/11\\\/14\\\/journee-mondiale-des-zones-humides\\\/#primaryimage\",\"url\":\"http:\\\/\\\/diderot.education\\\/65537b9653b8d-lea-perego\\\/wp-content\\\/uploads\\\/sites\\\/434\\\/2023\\\/11\\\/william-foley-4JmjPBl5Vq4-unsplash-1-scaled.jpg\",\"contentUrl\":\"http:\\\/\\\/diderot.education\\\/65537b9653b8d-lea-perego\\\/wp-content\\\/uploads\\\/sites\\\/434\\\/2023\\\/11\\\/william-foley-4JmjPBl5Vq4-unsplash-1-scaled.jpg\",\"width\":2560,\"height\":2048,\"caption\":\"aigrette, oiseaux, zones humides\"},{\"@type\":\"BreadcrumbList\",\"@id\":\"http:\\\/\\\/diderot.education\\\/65537b9653b8d-lea-perego\\\/2023\\\/11\\\/14\\\/journee-mondiale-des-zones-humides\\\/#breadcrumb\",\"itemListElement\":[{\"@type\":\"ListItem\",\"position\":1,\"name\":\"Accueil\",\"item\":\"http:\\\/\\\/diderot.education\\\/65537b9653b8d-lea-perego\\\/\"},{\"@type\":\"ListItem\",\"position\":2,\"name\":\"Journ\u00e9e mondiale des Zones Humides\"}]},{\"@type\":\"WebSite\",\"@id\":\"http:\\\/\\\/diderot.education\\\/65537b9653b8d-lea-perego\\\/#website\",\"url\":\"http:\\\/\\\/diderot.education\\\/65537b9653b8d-lea-perego\\\/\",\"name\":\"L\u00e9a Perego\",\"description\":\"\",\"potentialAction\":[{\"@type\":\"SearchAction\",\"target\":{\"@type\":\"EntryPoint\",\"urlTemplate\":\"http:\\\/\\\/diderot.education\\\/65537b9653b8d-lea-perego\\\/?s={search_term_string}\"},\"query-input\":{\"@type\":\"PropertyValueSpecification\",\"valueRequired\":true,\"valueName\":\"search_term_string\"}}],\"inLanguage\":\"fr-FR\"},{\"@type\":\"Person\",\"@id\":\"http:\\\/\\\/diderot.education\\\/65537b9653b8d-lea-perego\\\/#\\\/schema\\\/person\\\/d9fe9ef617f09572fcaad69caba7d6d0\",\"name\":\"leaperego\",\"image\":{\"@type\":\"ImageObject\",\"inLanguage\":\"fr-FR\",\"@id\":\"https:\\\/\\\/secure.gravatar.com\\\/avatar\\\/d07b14c76a5f1baf06412b263419414a0b723d2c2a205263aa017b43556e1471?s=96&d=mm&r=g\",\"url\":\"https:\\\/\\\/secure.gravatar.com\\\/avatar\\\/d07b14c76a5f1baf06412b263419414a0b723d2c2a205263aa017b43556e1471?s=96&d=mm&r=g\",\"contentUrl\":\"https:\\\/\\\/secure.gravatar.com\\\/avatar\\\/d07b14c76a5f1baf06412b263419414a0b723d2c2a205263aa017b43556e1471?s=96&d=mm&r=g\",\"caption\":\"leaperego\"},\"url\":\"http:\\\/\\\/diderot.education\\\/65537b9653b8d-lea-perego\\\/author\\\/leaperego\\\/\"}]}<\/script>\n<!-- \/ Yoast SEO plugin. -->","yoast_head_json":{"title":"Journ\u00e9e mondiale des Zones Humides - L\u00e9a Perego","description":"Le 2 f\u00e9vrier, c'\u00e9tait la journ\u00e9e mondiale des zones humides. A l'occasion, la LPO du Tarn organisait une sortie ornitho.","robots":{"index":"index","follow":"follow","max-snippet":"max-snippet:-1","max-image-preview":"max-image-preview:large","max-video-preview":"max-video-preview:-1"},"canonical":"http:\/\/diderot.education\/65537b9653b8d-lea-perego\/2023\/11\/14\/journee-mondiale-des-zones-humides\/","og_locale":"fr_FR","og_type":"article","og_title":"Journ\u00e9e mondiale des Zones Humides - L\u00e9a Perego","og_description":"Le 2 f\u00e9vrier, c'\u00e9tait la journ\u00e9e mondiale des zones humides. A l'occasion, la LPO du Tarn organisait une sortie ornitho.","og_url":"http:\/\/diderot.education\/65537b9653b8d-lea-perego\/2023\/11\/14\/journee-mondiale-des-zones-humides\/","og_site_name":"L\u00e9a Perego","article_published_time":"2023-11-14T13:52:22+00:00","article_modified_time":"2024-02-16T16:15:11+00:00","og_image":[{"width":2560,"height":2048,"url":"http:\/\/diderot.education\/65537b9653b8d-lea-perego\/wp-content\/uploads\/sites\/434\/2023\/11\/william-foley-4JmjPBl5Vq4-unsplash-1-scaled.jpg","type":"image\/jpeg"}],"author":"leaperego","twitter_card":"summary_large_image","twitter_misc":{"\u00c9crit par":"leaperego","Dur\u00e9e de lecture estim\u00e9e":"2 minutes"},"schema":{"@context":"https:\/\/schema.org","@graph":[{"@type":"Article","@id":"http:\/\/diderot.education\/65537b9653b8d-lea-perego\/2023\/11\/14\/journee-mondiale-des-zones-humides\/#article","isPartOf":{"@id":"http:\/\/diderot.education\/65537b9653b8d-lea-perego\/2023\/11\/14\/journee-mondiale-des-zones-humides\/"},"author":{"name":"leaperego","@id":"http:\/\/diderot.education\/65537b9653b8d-lea-perego\/#\/schema\/person\/d9fe9ef617f09572fcaad69caba7d6d0"},"headline":"Journ\u00e9e mondiale des Zones Humides","datePublished":"2023-11-14T13:52:22+00:00","dateModified":"2024-02-16T16:15:11+00:00","mainEntityOfPage":{"@id":"http:\/\/diderot.education\/65537b9653b8d-lea-perego\/2023\/11\/14\/journee-mondiale-des-zones-humides\/"},"wordCount":118,"commentCount":0,"image":{"@id":"http:\/\/diderot.education\/65537b9653b8d-lea-perego\/2023\/11\/14\/journee-mondiale-des-zones-humides\/#primaryimage"},"thumbnailUrl":"http:\/\/diderot.education\/65537b9653b8d-lea-perego\/wp-content\/uploads\/sites\/434\/2023\/11\/william-foley-4JmjPBl5Vq4-unsplash-1-scaled.jpg","articleSection":["Sorties"],"inLanguage":"fr-FR","potentialAction":[{"@type":"CommentAction","name":"Comment","target":["http:\/\/diderot.education\/65537b9653b8d-lea-perego\/2023\/11\/14\/journee-mondiale-des-zones-humides\/#respond"]}]},{"@type":"WebPage","@id":"http:\/\/diderot.education\/65537b9653b8d-lea-perego\/2023\/11\/14\/journee-mondiale-des-zones-humides\/","url":"http:\/\/diderot.education\/65537b9653b8d-lea-perego\/2023\/11\/14\/journee-mondiale-des-zones-humides\/","name":"Journ\u00e9e mondiale des Zones Humides - L\u00e9a Perego","isPartOf":{"@id":"http:\/\/diderot.education\/65537b9653b8d-lea-perego\/#website"},"primaryImageOfPage":{"@id":"http:\/\/diderot.education\/65537b9653b8d-lea-perego\/2023\/11\/14\/journee-mondiale-des-zones-humides\/#primaryimage"},"image":{"@id":"http:\/\/diderot.education\/65537b9653b8d-lea-perego\/2023\/11\/14\/journee-mondiale-des-zones-humides\/#primaryimage"},"thumbnailUrl":"http:\/\/diderot.education\/65537b9653b8d-lea-perego\/wp-content\/uploads\/sites\/434\/2023\/11\/william-foley-4JmjPBl5Vq4-unsplash-1-scaled.jpg","datePublished":"2023-11-14T13:52:22+00:00","dateModified":"2024-02-16T16:15:11+00:00","author":{"@id":"http:\/\/diderot.education\/65537b9653b8d-lea-perego\/#\/schema\/person\/d9fe9ef617f09572fcaad69caba7d6d0"},"description":"Le 2 f\u00e9vrier, c'\u00e9tait la journ\u00e9e mondiale des zones humides. A l'occasion, la LPO du Tarn organisait une sortie ornitho.","breadcrumb":{"@id":"http:\/\/diderot.education\/65537b9653b8d-lea-perego\/2023\/11\/14\/journee-mondiale-des-zones-humides\/#breadcrumb"},"inLanguage":"fr-FR","potentialAction":[{"@type":"ReadAction","target":["http:\/\/diderot.education\/65537b9653b8d-lea-perego\/2023\/11\/14\/journee-mondiale-des-zones-humides\/"]}]},{"@type":"ImageObject","inLanguage":"fr-FR","@id":"http:\/\/diderot.education\/65537b9653b8d-lea-perego\/2023\/11\/14\/journee-mondiale-des-zones-humides\/#primaryimage","url":"http:\/\/diderot.education\/65537b9653b8d-lea-perego\/wp-content\/uploads\/sites\/434\/2023\/11\/william-foley-4JmjPBl5Vq4-unsplash-1-scaled.jpg","contentUrl":"http:\/\/diderot.education\/65537b9653b8d-lea-perego\/wp-content\/uploads\/sites\/434\/2023\/11\/william-foley-4JmjPBl5Vq4-unsplash-1-scaled.jpg","width":2560,"height":2048,"caption":"aigrette, oiseaux, zones humides"},{"@type":"BreadcrumbList","@id":"http:\/\/diderot.education\/65537b9653b8d-lea-perego\/2023\/11\/14\/journee-mondiale-des-zones-humides\/#breadcrumb","itemListElement":[{"@type":"ListItem","position":1,"name":"Accueil","item":"http:\/\/diderot.education\/65537b9653b8d-lea-perego\/"},{"@type":"ListItem","position":2,"name":"Journ\u00e9e mondiale des Zones Humides"}]},{"@type":"WebSite","@id":"http:\/\/diderot.education\/65537b9653b8d-lea-perego\/#website","url":"http:\/\/diderot.education\/65537b9653b8d-lea-perego\/","name":"L\u00e9a Perego","description":"","potentialAction":[{"@type":"SearchAction","target":{"@type":"EntryPoint","urlTemplate":"http:\/\/diderot.education\/65537b9653b8d-lea-perego\/?s={search_term_string}"},"query-input":{"@type":"PropertyValueSpecification","valueRequired":true,"valueName":"search_term_string"}}],"inLanguage":"fr-FR"},{"@type":"Person","@id":"http:\/\/diderot.education\/65537b9653b8d-lea-perego\/#\/schema\/person\/d9fe9ef617f09572fcaad69caba7d6d0","name":"leaperego","image":{"@type":"ImageObject","inLanguage":"fr-FR","@id":"https:\/\/secure.gravatar.com\/avatar\/d07b14c76a5f1baf06412b263419414a0b723d2c2a205263aa017b43556e1471?s=96&d=mm&r=g","url":"https:\/\/secure.gravatar.com\/avatar\/d07b14c76a5f1baf06412b263419414a0b723d2c2a205263aa017b43556e1471?s=96&d=mm&r=g","contentUrl":"https:\/\/secure.gravatar.com\/avatar\/d07b14c76a5f1baf06412b263419414a0b723d2c2a205263aa017b43556e1471?s=96&d=mm&r=g","caption":"leaperego"},"url":"http:\/\/diderot.education\/65537b9653b8d-lea-perego\/author\/leaperego\/"}]}},"_links":{"self":[{"href":"http:\/\/diderot.education\/65537b9653b8d-lea-perego\/wp-json\/wp\/v2\/posts\/1","targetHints":{"allow":["GET"]}}],"collection":[{"href":"http:\/\/diderot.education\/65537b9653b8d-lea-perego\/wp-json\/wp\/v2\/posts"}],"about":[{"href":"http:\/\/diderot.education\/65537b9653b8d-lea-perego\/wp-json\/wp\/v2\/types\/post"}],"author":[{"embeddable":true,"href":"http:\/\/diderot.education\/65537b9653b8d-lea-perego\/wp-json\/wp\/v2\/users\/436"}],"replies":[{"embeddable":true,"href":"http:\/\/diderot.education\/65537b9653b8d-lea-perego\/wp-json\/wp\/v2\/comments?post=1"}],"version-history":[{"count":11,"href":"http:\/\/diderot.education\/65537b9653b8d-lea-perego\/wp-json\/wp\/v2\/posts\/1\/revisions"}],"predecessor-version":[{"id":219,"href":"http:\/\/diderot.education\/65537b9653b8d-lea-perego\/wp-json\/wp\/v2\/posts\/1\/revisions\/219"}],"wp:featuredmedia":[{"embeddable":true,"href":"http:\/\/diderot.education\/65537b9653b8d-lea-perego\/wp-json\/wp\/v2\/media\/335"}],"wp:attachment":[{"href":"http:\/\/diderot.education\/65537b9653b8d-lea-perego\/wp-json\/wp\/v2\/media?parent=1"}],"wp:term":[{"taxonomy":"category","embeddable":true,"href":"http:\/\/diderot.education\/65537b9653b8d-lea-perego\/wp-json\/wp\/v2\/categories?post=1"},{"taxonomy":"post_tag","embeddable":true,"href":"http:\/\/diderot.education\/65537b9653b8d-lea-perego\/wp-json\/wp\/v2\/tags?post=1"}],"curies":[{"name":"wp","href":"https:\/\/api.w.org\/{rel}","templated":true}]}}