{"id":233,"date":"2024-02-08T13:38:48","date_gmt":"2024-02-08T12:38:48","guid":{"rendered":"http:\/\/diderot.education\/65537b9653b8d-lea-perego\/?p=233"},"modified":"2024-02-16T17:12:08","modified_gmt":"2024-02-16T16:12:08","slug":"sortie-lacs-casteneau-magnoac-puydarrieux","status":"publish","type":"post","link":"http:\/\/diderot.education\/65537b9653b8d-lea-perego\/2024\/02\/08\/sortie-lacs-casteneau-magnoac-puydarrieux\/","title":{"rendered":"Sortie au Lac de Puydarrieux"},"content":{"rendered":"\t\t<div data-elementor-type=\"wp-post\" data-elementor-id=\"233\" class=\"elementor elementor-233\">\n\t\t\t\t\t\t<section class=\"elementor-section elementor-top-section elementor-element elementor-element-1599847 elementor-section-boxed elementor-section-height-default elementor-section-height-default wpr-particle-no wpr-jarallax-no wpr-parallax-no wpr-sticky-section-no wpr-equal-height-no\" data-id=\"1599847\" data-element_type=\"section\" data-e-type=\"section\">\n\t\t\t\t\t\t<div class=\"elementor-container elementor-column-gap-default\">\n\t\t\t\t\t<div class=\"elementor-column elementor-col-100 elementor-top-column elementor-element elementor-element-8b6aa06\" data-id=\"8b6aa06\" data-element_type=\"column\" data-e-type=\"column\">\n\t\t\t<div class=\"elementor-widget-wrap elementor-element-populated\">\n\t\t\t\t\t\t<div class=\"elementor-element elementor-element-717d253 elementor-widget elementor-widget-text-editor\" data-id=\"717d253\" data-element_type=\"widget\" data-e-type=\"widget\" data-widget_type=\"text-editor.default\">\n\t\t\t\t<div class=\"elementor-widget-container\">\n\t\t\t\t\t\t\t\t\t<p>Le Samedi 20 janvier l&rsquo;antenne Haute-Garonne de la LPO Occitanie organisait une sortie ornitho aux lacs de Castelneau-Magnoac et de Puydarrieux pour voir les grues cendr\u00e9es en hivernation.<\/p>\n<h2><span style=\"text-decoration: underline\">Matin\u00e9e:<\/span>&nbsp;<\/h2>\n<p>Le d\u00e9but de matin\u00e9e s&rsquo;est d\u00e9roul\u00e9 au lac de Castelnau-Magnoac pour voir l&rsquo;avifaune pr\u00e9sente. L\u00e0-bas, un grand nombre d&rsquo;esp\u00e8ces \u00e9taient pr\u00e9sentes. Nous avons vu des gr\u00e8bes (hupp\u00e9 et \u00e0 cou noir), des canards <img decoding=\"async\" class=\"emoji\" role=\"img\" src=\"https:\/\/s.w.org\/images\/core\/emoji\/14.0.0\/svg\/1f986.svg\" alt=\"\ud83e\udd86\"> ( siffleur, chipeau, sarcelle d&rsquo;hiver), des limicoles (chevalier guignette), un vanneau hupp\u00e9 et un martin p\u00eacheur. Les passereaux \u00e9taient aussi pr\u00e9sents <img decoding=\"async\" class=\"emoji\" role=\"img\" src=\"https:\/\/s.w.org\/images\/core\/emoji\/14.0.0\/svg\/1f426.svg\" alt=\"\ud83d\udc26\"> notamment les pouillots v\u00e9loce, les bergeronnettes grises et les pinsons des arbres.<\/p>\n<p>En fin de matin\u00e9e, nous avons pris la direction du lac de Puydarrieux en passant par les champs o\u00f9 les grues se nourrissent. Elles aiment en particulier le ma\u00efs et mangent les grains tomb\u00e9s lors du ramassage des \u00e9pis en \u00e9t\u00e9.&nbsp;En arrivant au lac de Puydarrieux, nous avons mang\u00e9 sur un site surplombant le lac et nous avons pu observer de beaux effectifs de courlis cendr\u00e9, une premi\u00e8re pour moi, et aussi des oies cendr\u00e9es. Les habituels h\u00e9rons (cendr\u00e9s et garde-b\u0153ufs) et aigrettes (grande et garzette) \u00e9taient eux aussi de la partie.&nbsp;<\/p>\n<h2><span style=\"text-decoration: underline\">Apr\u00e8s-midi:&nbsp;<\/span><\/h2>\n<p><span style=\"color: var( --e-global-color-text );font-family: var( --e-global-typography-text-font-family ), Sans-serif;font-weight: var( --e-global-typography-text-font-weight );background-color: var( --e-global-color-primary );font-size: 1rem\">Nous nous sommes ensuite dirig\u00e9s sur un autre site (la cabane du virage pour les connaisseurs <\/span><img decoding=\"async\" class=\"emoji\" style=\"color: var( --e-global-color-text );font-family: var( --e-global-typography-text-font-family ), Sans-serif;font-weight: var( --e-global-typography-text-font-weight );font-size: 1rem\" role=\"img\" src=\"https:\/\/s.w.org\/images\/core\/emoji\/14.0.0\/svg\/1f601.svg\" alt=\"\ud83d\ude01\"><span style=\"color: var( --e-global-color-text );font-family: var( --e-global-typography-text-font-family ), Sans-serif;font-weight: var( --e-global-typography-text-font-weight );background-color: var( --e-global-color-primary );font-size: 1rem\"> ) pour y observer de plus pr\u00e8s les grues. Nous avons pu observer un Tadorne de Belon et un b\u00e9casseau variable au milieu de ces grands oiseaux. En fin de journ\u00e9e, les grues retournent au lac en \u00e9norme groupe, ce qui nous a offert un spectacle magnifique avec en fond un coucher de soleil splendide <\/span><img decoding=\"async\" class=\"emoji\" style=\"color: var( --e-global-color-text );font-family: var( --e-global-typography-text-font-family ), Sans-serif;font-weight: var( --e-global-typography-text-font-weight );font-size: 1rem\" role=\"img\" src=\"https:\/\/s.w.org\/images\/core\/emoji\/14.0.0\/svg\/1f60d.svg\" alt=\"\ud83d\ude0d\"><span style=\"color: var( --e-global-color-text );font-family: var( --e-global-typography-text-font-family ), Sans-serif;font-weight: var( --e-global-typography-text-font-weight );background-color: var( --e-global-color-primary );font-size: 1rem\">.<\/span><\/p>\n<p>Malheureusement , je n&rsquo;ai aucune photo des grues car mon t\u00e9l\u00e9phone n&rsquo;avait plus de batterie <img decoding=\"async\" class=\"emoji\" role=\"img\" src=\"https:\/\/s.w.org\/images\/core\/emoji\/14.0.0\/svg\/1f615.svg\" alt=\"\ud83d\ude15\">.<\/p>\n<p>Une sortie inoubliable sous un beau soleil mais un froid de canard. Je remercie Muriel d&rsquo;avoir organis\u00e9 cette sortie et toutes les personnes pr\u00e9sentes pour avoir fait de cette journ\u00e9e, un agr\u00e9able moment.<\/p>\n<p>Merci de m&rsquo;avoir lu !!<\/p>\n<p>A bient\u00f4t<\/p>\n<p>L\u00e9a<\/p>\t\t\t\t\t\t\t\t<\/div>\n\t\t\t\t<\/div>\n\t\t\t\t\t<\/div>\n\t\t<\/div>\n\t\t\t\t\t<\/div>\n\t\t<\/section>\n\t\t\t\t<section class=\"elementor-section elementor-top-section elementor-element elementor-element-ea5a085 elementor-section-boxed elementor-section-height-default elementor-section-height-default wpr-particle-no wpr-jarallax-no wpr-parallax-no wpr-sticky-section-no wpr-equal-height-no\" data-id=\"ea5a085\" data-element_type=\"section\" data-e-type=\"section\">\n\t\t\t\t\t\t<div class=\"elementor-container elementor-column-gap-default\">\n\t\t\t\t\t<div class=\"elementor-column elementor-col-100 elementor-top-column elementor-element elementor-element-8bb22d0\" data-id=\"8bb22d0\" data-element_type=\"column\" data-e-type=\"column\">\n\t\t\t<div class=\"elementor-widget-wrap elementor-element-populated\">\n\t\t\t\t\t\t<div class=\"elementor-element elementor-element-f8213ff elementor-widget elementor-widget-video\" data-id=\"f8213ff\" data-element_type=\"widget\" data-e-type=\"widget\" data-settings=\"{&quot;youtube_url&quot;:&quot;https:\\\/\\\/youtu.be\\\/OfB0j64TqHk&quot;,&quot;video_type&quot;:&quot;youtube&quot;,&quot;controls&quot;:&quot;yes&quot;}\" data-widget_type=\"video.default\">\n\t\t\t\t<div class=\"elementor-widget-container\">\n\t\t\t\t\t\t\t<div class=\"elementor-wrapper elementor-open-inline\">\n\t\t\t<div class=\"elementor-video\"><\/div>\t\t<\/div>\n\t\t\t\t\t\t<\/div>\n\t\t\t\t<\/div>\n\t\t\t\t\t<\/div>\n\t\t<\/div>\n\t\t\t\t\t<\/div>\n\t\t<\/section>\n\t\t\t\t<\/div>\n\t\t","protected":false},"excerpt":{"rendered":"<p>Le Samedi 20 janvier l&rsquo;antenne Haute-Garonne de la LPO Occitanie organisait une sortie ornitho aux lacs de Castelneau-Magnoac et de Puydarrieux pour voir les grues cendr\u00e9es en hivernation. Matin\u00e9e: Le d\u00e9but de matin\u00e9e s&rsquo;est d\u00e9roul\u00e9 au lac de Castelnau-Magnoac pour voir l&rsquo;avifaune pr\u00e9sente. L\u00e0-bas, un grand nombre d&rsquo;esp\u00e8ces \u00e9taient pr\u00e9sentes. Nous avons vu des gr\u00e8bes (hupp\u00e9 et \u00e0 cou noir), des canards ( siffleur, chipeau, sarcelle d&rsquo;hiver), des limicoles (chevalier guignette), un vanneau hupp\u00e9 et un martin p\u00eacheur. Les passereaux \u00e9taient aussi pr\u00e9sents notamment les pouillots v\u00e9loce, les bergeronnettes grises et les pinsons des arbres. En fin de matin\u00e9e, nous avons pris la direction du lac de Puydarrieux en passant par les champs o\u00f9 les grues se nourrissent. Elles aiment en particulier le ma\u00efs et mangent les grains tomb\u00e9s lors du ramassage des \u00e9pis en \u00e9t\u00e9.\u00a0En arrivant au lac de Puydarrieux, nous avons mang\u00e9 sur un site surplombant le lac et nous avons pu observer de beaux effectifs de courlis cendr\u00e9, une premi\u00e8re pour moi, et aussi des oies cendr\u00e9es. Les habituels h\u00e9rons (cendr\u00e9s et garde-b\u0153ufs) et aigrettes (grande et garzette) \u00e9taient eux aussi de la partie. Apr\u00e8s-midi: Nous nous sommes ensuite dirig\u00e9s sur un autre site (la cabane du virage pour les connaisseurs ) pour y observer de plus pr\u00e8s les grues. Nous avons pu observer un Tadorne de Belon et un b\u00e9casseau variable au milieu de ces grands oiseaux. En fin de journ\u00e9e, les grues retournent au lac en \u00e9norme groupe, ce qui nous a offert un spectacle magnifique avec en fond un coucher de soleil splendide . Malheureusement , je n&rsquo;ai aucune photo des grues car mon t\u00e9l\u00e9phone n&rsquo;avait plus de batterie . Une sortie inoubliable sous un beau soleil mais un froid de canard. Je remercie Muriel d&rsquo;avoir organis\u00e9 cette sortie et toutes les personnes pr\u00e9sentes pour avoir fait de cette journ\u00e9e, un agr\u00e9able moment. Merci de m&rsquo;avoir lu !! A bient\u00f4t L\u00e9a<\/p>\n","protected":false},"author":436,"featured_media":334,"comment_status":"open","ping_status":"open","sticky":false,"template":"","format":"standard","meta":{"om_disable_all_campaigns":false,"footnotes":""},"categories":[4],"tags":[],"class_list":["post-233","post","type-post","status-publish","format-standard","has-post-thumbnail","hentry","category-sorties"],"featured_image_src":"http:\/\/diderot.education\/65537b9653b8d-lea-perego\/wp-content\/uploads\/sites\/434\/2024\/02\/jordi-rubies-_9Kvo3AeJd8-unsplash-1-scaled.jpg","author_info":{"display_name":"leaperego","author_link":"http:\/\/diderot.education\/65537b9653b8d-lea-perego\/author\/leaperego\/"},"yoast_head":"<!-- This site is optimized with the Yoast SEO plugin v27.5 - https:\/\/yoast.com\/product\/yoast-seo-wordpress\/ -->\n<title>Sortie au Lac de Puydarrieux - L\u00e9a Perego<\/title>\n<meta name=\"description\" content=\"La LPO Haute-Garonne organisait le 20\/01\/24, une sortie aux lacs de Castelneau-Magnoac et Puydarrieux pour pouvoir observer les grues en hivernage.\" \/>\n<meta name=\"robots\" content=\"index, follow, max-snippet:-1, max-image-preview:large, max-video-preview:-1\" \/>\n<link rel=\"canonical\" href=\"http:\/\/diderot.education\/65537b9653b8d-lea-perego\/2024\/02\/08\/sortie-lacs-casteneau-magnoac-puydarrieux\/\" \/>\n<meta property=\"og:locale\" content=\"fr_FR\" \/>\n<meta property=\"og:type\" content=\"article\" \/>\n<meta property=\"og:title\" content=\"Sortie au Lac de Puydarrieux - L\u00e9a Perego\" \/>\n<meta property=\"og:description\" content=\"La LPO Haute-Garonne organisait le 20\/01\/24, une sortie aux lacs de Castelneau-Magnoac et Puydarrieux pour pouvoir observer les grues en hivernage.\" \/>\n<meta property=\"og:url\" content=\"http:\/\/diderot.education\/65537b9653b8d-lea-perego\/2024\/02\/08\/sortie-lacs-casteneau-magnoac-puydarrieux\/\" \/>\n<meta property=\"og:site_name\" content=\"L\u00e9a Perego\" \/>\n<meta property=\"article:published_time\" content=\"2024-02-08T12:38:48+00:00\" \/>\n<meta property=\"article:modified_time\" content=\"2024-02-16T16:12:08+00:00\" \/>\n<meta property=\"og:image\" content=\"http:\/\/diderot.education\/65537b9653b8d-lea-perego\/wp-content\/uploads\/sites\/434\/2024\/02\/jordi-rubies-_9Kvo3AeJd8-unsplash-1-scaled.jpg\" \/>\n\t<meta property=\"og:image:width\" content=\"2560\" \/>\n\t<meta property=\"og:image:height\" content=\"1707\" \/>\n\t<meta property=\"og:image:type\" content=\"image\/jpeg\" \/>\n<meta name=\"author\" content=\"leaperego\" \/>\n<meta name=\"twitter:card\" content=\"summary_large_image\" \/>\n<meta name=\"twitter:label1\" content=\"\u00c9crit par\" \/>\n\t<meta name=\"twitter:data1\" content=\"leaperego\" \/>\n\t<meta name=\"twitter:label2\" content=\"Dur\u00e9e de lecture estim\u00e9e\" \/>\n\t<meta name=\"twitter:data2\" content=\"3 minutes\" \/>\n<script type=\"application\/ld+json\" class=\"yoast-schema-graph\">{\"@context\":\"https:\\\/\\\/schema.org\",\"@graph\":[{\"@type\":\"Article\",\"@id\":\"http:\\\/\\\/diderot.education\\\/65537b9653b8d-lea-perego\\\/2024\\\/02\\\/08\\\/sortie-lacs-casteneau-magnoac-puydarrieux\\\/#article\",\"isPartOf\":{\"@id\":\"http:\\\/\\\/diderot.education\\\/65537b9653b8d-lea-perego\\\/2024\\\/02\\\/08\\\/sortie-lacs-casteneau-magnoac-puydarrieux\\\/\"},\"author\":{\"name\":\"leaperego\",\"@id\":\"http:\\\/\\\/diderot.education\\\/65537b9653b8d-lea-perego\\\/#\\\/schema\\\/person\\\/d9fe9ef617f09572fcaad69caba7d6d0\"},\"headline\":\"Sortie au Lac de Puydarrieux\",\"datePublished\":\"2024-02-08T12:38:48+00:00\",\"dateModified\":\"2024-02-16T16:12:08+00:00\",\"mainEntityOfPage\":{\"@id\":\"http:\\\/\\\/diderot.education\\\/65537b9653b8d-lea-perego\\\/2024\\\/02\\\/08\\\/sortie-lacs-casteneau-magnoac-puydarrieux\\\/\"},\"wordCount\":363,\"commentCount\":0,\"image\":{\"@id\":\"http:\\\/\\\/diderot.education\\\/65537b9653b8d-lea-perego\\\/2024\\\/02\\\/08\\\/sortie-lacs-casteneau-magnoac-puydarrieux\\\/#primaryimage\"},\"thumbnailUrl\":\"http:\\\/\\\/diderot.education\\\/65537b9653b8d-lea-perego\\\/wp-content\\\/uploads\\\/sites\\\/434\\\/2024\\\/02\\\/jordi-rubies-_9Kvo3AeJd8-unsplash-1-scaled.jpg\",\"articleSection\":[\"Sorties\"],\"inLanguage\":\"fr-FR\",\"potentialAction\":[{\"@type\":\"CommentAction\",\"name\":\"Comment\",\"target\":[\"http:\\\/\\\/diderot.education\\\/65537b9653b8d-lea-perego\\\/2024\\\/02\\\/08\\\/sortie-lacs-casteneau-magnoac-puydarrieux\\\/#respond\"]}]},{\"@type\":\"WebPage\",\"@id\":\"http:\\\/\\\/diderot.education\\\/65537b9653b8d-lea-perego\\\/2024\\\/02\\\/08\\\/sortie-lacs-casteneau-magnoac-puydarrieux\\\/\",\"url\":\"http:\\\/\\\/diderot.education\\\/65537b9653b8d-lea-perego\\\/2024\\\/02\\\/08\\\/sortie-lacs-casteneau-magnoac-puydarrieux\\\/\",\"name\":\"Sortie au Lac de Puydarrieux - L\u00e9a Perego\",\"isPartOf\":{\"@id\":\"http:\\\/\\\/diderot.education\\\/65537b9653b8d-lea-perego\\\/#website\"},\"primaryImageOfPage\":{\"@id\":\"http:\\\/\\\/diderot.education\\\/65537b9653b8d-lea-perego\\\/2024\\\/02\\\/08\\\/sortie-lacs-casteneau-magnoac-puydarrieux\\\/#primaryimage\"},\"image\":{\"@id\":\"http:\\\/\\\/diderot.education\\\/65537b9653b8d-lea-perego\\\/2024\\\/02\\\/08\\\/sortie-lacs-casteneau-magnoac-puydarrieux\\\/#primaryimage\"},\"thumbnailUrl\":\"http:\\\/\\\/diderot.education\\\/65537b9653b8d-lea-perego\\\/wp-content\\\/uploads\\\/sites\\\/434\\\/2024\\\/02\\\/jordi-rubies-_9Kvo3AeJd8-unsplash-1-scaled.jpg\",\"datePublished\":\"2024-02-08T12:38:48+00:00\",\"dateModified\":\"2024-02-16T16:12:08+00:00\",\"author\":{\"@id\":\"http:\\\/\\\/diderot.education\\\/65537b9653b8d-lea-perego\\\/#\\\/schema\\\/person\\\/d9fe9ef617f09572fcaad69caba7d6d0\"},\"description\":\"La LPO Haute-Garonne organisait le 20\\\/01\\\/24, une sortie aux lacs de Castelneau-Magnoac et Puydarrieux pour pouvoir observer les grues en hivernage.\",\"breadcrumb\":{\"@id\":\"http:\\\/\\\/diderot.education\\\/65537b9653b8d-lea-perego\\\/2024\\\/02\\\/08\\\/sortie-lacs-casteneau-magnoac-puydarrieux\\\/#breadcrumb\"},\"inLanguage\":\"fr-FR\",\"potentialAction\":[{\"@type\":\"ReadAction\",\"target\":[\"http:\\\/\\\/diderot.education\\\/65537b9653b8d-lea-perego\\\/2024\\\/02\\\/08\\\/sortie-lacs-casteneau-magnoac-puydarrieux\\\/\"]}]},{\"@type\":\"ImageObject\",\"inLanguage\":\"fr-FR\",\"@id\":\"http:\\\/\\\/diderot.education\\\/65537b9653b8d-lea-perego\\\/2024\\\/02\\\/08\\\/sortie-lacs-casteneau-magnoac-puydarrieux\\\/#primaryimage\",\"url\":\"http:\\\/\\\/diderot.education\\\/65537b9653b8d-lea-perego\\\/wp-content\\\/uploads\\\/sites\\\/434\\\/2024\\\/02\\\/jordi-rubies-_9Kvo3AeJd8-unsplash-1-scaled.jpg\",\"contentUrl\":\"http:\\\/\\\/diderot.education\\\/65537b9653b8d-lea-perego\\\/wp-content\\\/uploads\\\/sites\\\/434\\\/2024\\\/02\\\/jordi-rubies-_9Kvo3AeJd8-unsplash-1-scaled.jpg\",\"width\":2560,\"height\":1707,\"caption\":\"grues cendr\u00e9es, vol, oiseaux\"},{\"@type\":\"BreadcrumbList\",\"@id\":\"http:\\\/\\\/diderot.education\\\/65537b9653b8d-lea-perego\\\/2024\\\/02\\\/08\\\/sortie-lacs-casteneau-magnoac-puydarrieux\\\/#breadcrumb\",\"itemListElement\":[{\"@type\":\"ListItem\",\"position\":1,\"name\":\"Accueil\",\"item\":\"http:\\\/\\\/diderot.education\\\/65537b9653b8d-lea-perego\\\/\"},{\"@type\":\"ListItem\",\"position\":2,\"name\":\"Sortie au Lac de Puydarrieux\"}]},{\"@type\":\"WebSite\",\"@id\":\"http:\\\/\\\/diderot.education\\\/65537b9653b8d-lea-perego\\\/#website\",\"url\":\"http:\\\/\\\/diderot.education\\\/65537b9653b8d-lea-perego\\\/\",\"name\":\"L\u00e9a Perego\",\"description\":\"\",\"potentialAction\":[{\"@type\":\"SearchAction\",\"target\":{\"@type\":\"EntryPoint\",\"urlTemplate\":\"http:\\\/\\\/diderot.education\\\/65537b9653b8d-lea-perego\\\/?s={search_term_string}\"},\"query-input\":{\"@type\":\"PropertyValueSpecification\",\"valueRequired\":true,\"valueName\":\"search_term_string\"}}],\"inLanguage\":\"fr-FR\"},{\"@type\":\"Person\",\"@id\":\"http:\\\/\\\/diderot.education\\\/65537b9653b8d-lea-perego\\\/#\\\/schema\\\/person\\\/d9fe9ef617f09572fcaad69caba7d6d0\",\"name\":\"leaperego\",\"image\":{\"@type\":\"ImageObject\",\"inLanguage\":\"fr-FR\",\"@id\":\"https:\\\/\\\/secure.gravatar.com\\\/avatar\\\/d07b14c76a5f1baf06412b263419414a0b723d2c2a205263aa017b43556e1471?s=96&d=mm&r=g\",\"url\":\"https:\\\/\\\/secure.gravatar.com\\\/avatar\\\/d07b14c76a5f1baf06412b263419414a0b723d2c2a205263aa017b43556e1471?s=96&d=mm&r=g\",\"contentUrl\":\"https:\\\/\\\/secure.gravatar.com\\\/avatar\\\/d07b14c76a5f1baf06412b263419414a0b723d2c2a205263aa017b43556e1471?s=96&d=mm&r=g\",\"caption\":\"leaperego\"},\"url\":\"http:\\\/\\\/diderot.education\\\/65537b9653b8d-lea-perego\\\/author\\\/leaperego\\\/\"}]}<\/script>\n<!-- \/ Yoast SEO plugin. -->","yoast_head_json":{"title":"Sortie au Lac de Puydarrieux - L\u00e9a Perego","description":"La LPO Haute-Garonne organisait le 20\/01\/24, une sortie aux lacs de Castelneau-Magnoac et Puydarrieux pour pouvoir observer les grues en hivernage.","robots":{"index":"index","follow":"follow","max-snippet":"max-snippet:-1","max-image-preview":"max-image-preview:large","max-video-preview":"max-video-preview:-1"},"canonical":"http:\/\/diderot.education\/65537b9653b8d-lea-perego\/2024\/02\/08\/sortie-lacs-casteneau-magnoac-puydarrieux\/","og_locale":"fr_FR","og_type":"article","og_title":"Sortie au Lac de Puydarrieux - L\u00e9a Perego","og_description":"La LPO Haute-Garonne organisait le 20\/01\/24, une sortie aux lacs de Castelneau-Magnoac et Puydarrieux pour pouvoir observer les grues en hivernage.","og_url":"http:\/\/diderot.education\/65537b9653b8d-lea-perego\/2024\/02\/08\/sortie-lacs-casteneau-magnoac-puydarrieux\/","og_site_name":"L\u00e9a Perego","article_published_time":"2024-02-08T12:38:48+00:00","article_modified_time":"2024-02-16T16:12:08+00:00","og_image":[{"width":2560,"height":1707,"url":"http:\/\/diderot.education\/65537b9653b8d-lea-perego\/wp-content\/uploads\/sites\/434\/2024\/02\/jordi-rubies-_9Kvo3AeJd8-unsplash-1-scaled.jpg","type":"image\/jpeg"}],"author":"leaperego","twitter_card":"summary_large_image","twitter_misc":{"\u00c9crit par":"leaperego","Dur\u00e9e de lecture estim\u00e9e":"3 minutes"},"schema":{"@context":"https:\/\/schema.org","@graph":[{"@type":"Article","@id":"http:\/\/diderot.education\/65537b9653b8d-lea-perego\/2024\/02\/08\/sortie-lacs-casteneau-magnoac-puydarrieux\/#article","isPartOf":{"@id":"http:\/\/diderot.education\/65537b9653b8d-lea-perego\/2024\/02\/08\/sortie-lacs-casteneau-magnoac-puydarrieux\/"},"author":{"name":"leaperego","@id":"http:\/\/diderot.education\/65537b9653b8d-lea-perego\/#\/schema\/person\/d9fe9ef617f09572fcaad69caba7d6d0"},"headline":"Sortie au Lac de Puydarrieux","datePublished":"2024-02-08T12:38:48+00:00","dateModified":"2024-02-16T16:12:08+00:00","mainEntityOfPage":{"@id":"http:\/\/diderot.education\/65537b9653b8d-lea-perego\/2024\/02\/08\/sortie-lacs-casteneau-magnoac-puydarrieux\/"},"wordCount":363,"commentCount":0,"image":{"@id":"http:\/\/diderot.education\/65537b9653b8d-lea-perego\/2024\/02\/08\/sortie-lacs-casteneau-magnoac-puydarrieux\/#primaryimage"},"thumbnailUrl":"http:\/\/diderot.education\/65537b9653b8d-lea-perego\/wp-content\/uploads\/sites\/434\/2024\/02\/jordi-rubies-_9Kvo3AeJd8-unsplash-1-scaled.jpg","articleSection":["Sorties"],"inLanguage":"fr-FR","potentialAction":[{"@type":"CommentAction","name":"Comment","target":["http:\/\/diderot.education\/65537b9653b8d-lea-perego\/2024\/02\/08\/sortie-lacs-casteneau-magnoac-puydarrieux\/#respond"]}]},{"@type":"WebPage","@id":"http:\/\/diderot.education\/65537b9653b8d-lea-perego\/2024\/02\/08\/sortie-lacs-casteneau-magnoac-puydarrieux\/","url":"http:\/\/diderot.education\/65537b9653b8d-lea-perego\/2024\/02\/08\/sortie-lacs-casteneau-magnoac-puydarrieux\/","name":"Sortie au Lac de Puydarrieux - L\u00e9a Perego","isPartOf":{"@id":"http:\/\/diderot.education\/65537b9653b8d-lea-perego\/#website"},"primaryImageOfPage":{"@id":"http:\/\/diderot.education\/65537b9653b8d-lea-perego\/2024\/02\/08\/sortie-lacs-casteneau-magnoac-puydarrieux\/#primaryimage"},"image":{"@id":"http:\/\/diderot.education\/65537b9653b8d-lea-perego\/2024\/02\/08\/sortie-lacs-casteneau-magnoac-puydarrieux\/#primaryimage"},"thumbnailUrl":"http:\/\/diderot.education\/65537b9653b8d-lea-perego\/wp-content\/uploads\/sites\/434\/2024\/02\/jordi-rubies-_9Kvo3AeJd8-unsplash-1-scaled.jpg","datePublished":"2024-02-08T12:38:48+00:00","dateModified":"2024-02-16T16:12:08+00:00","author":{"@id":"http:\/\/diderot.education\/65537b9653b8d-lea-perego\/#\/schema\/person\/d9fe9ef617f09572fcaad69caba7d6d0"},"description":"La LPO Haute-Garonne organisait le 20\/01\/24, une sortie aux lacs de Castelneau-Magnoac et Puydarrieux pour pouvoir observer les grues en hivernage.","breadcrumb":{"@id":"http:\/\/diderot.education\/65537b9653b8d-lea-perego\/2024\/02\/08\/sortie-lacs-casteneau-magnoac-puydarrieux\/#breadcrumb"},"inLanguage":"fr-FR","potentialAction":[{"@type":"ReadAction","target":["http:\/\/diderot.education\/65537b9653b8d-lea-perego\/2024\/02\/08\/sortie-lacs-casteneau-magnoac-puydarrieux\/"]}]},{"@type":"ImageObject","inLanguage":"fr-FR","@id":"http:\/\/diderot.education\/65537b9653b8d-lea-perego\/2024\/02\/08\/sortie-lacs-casteneau-magnoac-puydarrieux\/#primaryimage","url":"http:\/\/diderot.education\/65537b9653b8d-lea-perego\/wp-content\/uploads\/sites\/434\/2024\/02\/jordi-rubies-_9Kvo3AeJd8-unsplash-1-scaled.jpg","contentUrl":"http:\/\/diderot.education\/65537b9653b8d-lea-perego\/wp-content\/uploads\/sites\/434\/2024\/02\/jordi-rubies-_9Kvo3AeJd8-unsplash-1-scaled.jpg","width":2560,"height":1707,"caption":"grues cendr\u00e9es, vol, oiseaux"},{"@type":"BreadcrumbList","@id":"http:\/\/diderot.education\/65537b9653b8d-lea-perego\/2024\/02\/08\/sortie-lacs-casteneau-magnoac-puydarrieux\/#breadcrumb","itemListElement":[{"@type":"ListItem","position":1,"name":"Accueil","item":"http:\/\/diderot.education\/65537b9653b8d-lea-perego\/"},{"@type":"ListItem","position":2,"name":"Sortie au Lac de Puydarrieux"}]},{"@type":"WebSite","@id":"http:\/\/diderot.education\/65537b9653b8d-lea-perego\/#website","url":"http:\/\/diderot.education\/65537b9653b8d-lea-perego\/","name":"L\u00e9a Perego","description":"","potentialAction":[{"@type":"SearchAction","target":{"@type":"EntryPoint","urlTemplate":"http:\/\/diderot.education\/65537b9653b8d-lea-perego\/?s={search_term_string}"},"query-input":{"@type":"PropertyValueSpecification","valueRequired":true,"valueName":"search_term_string"}}],"inLanguage":"fr-FR"},{"@type":"Person","@id":"http:\/\/diderot.education\/65537b9653b8d-lea-perego\/#\/schema\/person\/d9fe9ef617f09572fcaad69caba7d6d0","name":"leaperego","image":{"@type":"ImageObject","inLanguage":"fr-FR","@id":"https:\/\/secure.gravatar.com\/avatar\/d07b14c76a5f1baf06412b263419414a0b723d2c2a205263aa017b43556e1471?s=96&d=mm&r=g","url":"https:\/\/secure.gravatar.com\/avatar\/d07b14c76a5f1baf06412b263419414a0b723d2c2a205263aa017b43556e1471?s=96&d=mm&r=g","contentUrl":"https:\/\/secure.gravatar.com\/avatar\/d07b14c76a5f1baf06412b263419414a0b723d2c2a205263aa017b43556e1471?s=96&d=mm&r=g","caption":"leaperego"},"url":"http:\/\/diderot.education\/65537b9653b8d-lea-perego\/author\/leaperego\/"}]}},"_links":{"self":[{"href":"http:\/\/diderot.education\/65537b9653b8d-lea-perego\/wp-json\/wp\/v2\/posts\/233","targetHints":{"allow":["GET"]}}],"collection":[{"href":"http:\/\/diderot.education\/65537b9653b8d-lea-perego\/wp-json\/wp\/v2\/posts"}],"about":[{"href":"http:\/\/diderot.education\/65537b9653b8d-lea-perego\/wp-json\/wp\/v2\/types\/post"}],"author":[{"embeddable":true,"href":"http:\/\/diderot.education\/65537b9653b8d-lea-perego\/wp-json\/wp\/v2\/users\/436"}],"replies":[{"embeddable":true,"href":"http:\/\/diderot.education\/65537b9653b8d-lea-perego\/wp-json\/wp\/v2\/comments?post=233"}],"version-history":[{"count":28,"href":"http:\/\/diderot.education\/65537b9653b8d-lea-perego\/wp-json\/wp\/v2\/posts\/233\/revisions"}],"predecessor-version":[{"id":287,"href":"http:\/\/diderot.education\/65537b9653b8d-lea-perego\/wp-json\/wp\/v2\/posts\/233\/revisions\/287"}],"wp:featuredmedia":[{"embeddable":true,"href":"http:\/\/diderot.education\/65537b9653b8d-lea-perego\/wp-json\/wp\/v2\/media\/334"}],"wp:attachment":[{"href":"http:\/\/diderot.education\/65537b9653b8d-lea-perego\/wp-json\/wp\/v2\/media?parent=233"}],"wp:term":[{"taxonomy":"category","embeddable":true,"href":"http:\/\/diderot.education\/65537b9653b8d-lea-perego\/wp-json\/wp\/v2\/categories?post=233"},{"taxonomy":"post_tag","embeddable":true,"href":"http:\/\/diderot.education\/65537b9653b8d-lea-perego\/wp-json\/wp\/v2\/tags?post=233"}],"curies":[{"name":"wp","href":"https:\/\/api.w.org\/{rel}","templated":true}]}}