{"id":296,"date":"2024-02-08T19:36:00","date_gmt":"2024-02-08T18:36:00","guid":{"rendered":"http:\/\/diderot.education\/65537b9653b8d-lea-perego\/?p=296"},"modified":"2024-02-19T20:03:36","modified_gmt":"2024-02-19T19:03:36","slug":"comptage-hivernal-des-milans","status":"publish","type":"post","link":"http:\/\/diderot.education\/65537b9653b8d-lea-perego\/2024\/02\/08\/comptage-hivernal-des-milans\/","title":{"rendered":"Comptage hivernal des Milans"},"content":{"rendered":"\t\t<div data-elementor-type=\"wp-post\" data-elementor-id=\"296\" class=\"elementor elementor-296\">\n\t\t\t\t\t\t<section class=\"elementor-section elementor-top-section elementor-element elementor-element-2ff1b05 elementor-section-boxed elementor-section-height-default elementor-section-height-default wpr-particle-no wpr-jarallax-no wpr-parallax-no wpr-sticky-section-no wpr-equal-height-no\" data-id=\"2ff1b05\" data-element_type=\"section\" data-e-type=\"section\">\n\t\t\t\t\t\t<div class=\"elementor-container elementor-column-gap-default\">\n\t\t\t\t\t<div class=\"elementor-column elementor-col-100 elementor-top-column elementor-element elementor-element-bb1fe8f\" data-id=\"bb1fe8f\" data-element_type=\"column\" data-e-type=\"column\">\n\t\t\t<div class=\"elementor-widget-wrap elementor-element-populated\">\n\t\t\t\t\t\t<div class=\"elementor-element elementor-element-027c3f4 elementor-widget elementor-widget-text-editor\" data-id=\"027c3f4\" data-element_type=\"widget\" data-e-type=\"widget\" data-widget_type=\"text-editor.default\">\n\t\t\t\t<div class=\"elementor-widget-container\">\n\t\t\t\t\t\t\t\t\t<p><img decoding=\"async\" class=\"emoji\" role=\"img\" src=\"https:\/\/s.w.org\/images\/core\/emoji\/14.0.0\/svg\/1f985.svg\" alt=\"\ud83e\udd85\" \/> Le week-end du 6 et 7 janvier c&rsquo;\u00e9tait le comptage national des milans royaux hivernants. <img decoding=\"async\" class=\"emoji\" role=\"img\" src=\"https:\/\/s.w.org\/images\/core\/emoji\/14.0.0\/svg\/1f985.svg\" alt=\"\ud83e\udd85\" \/><\/p><p>J&rsquo;ai pu y participer avec 2 b\u00e9n\u00e9voles de la LPO du Tarn, Didier et Jean-Luc. Nous sommes all\u00e9s sur un site o\u00f9 les milans ont l&rsquo;habitude d&rsquo;y faire un dortoir vers Montredon-Labessoni\u00e9 dans le Tarn. Quand nous sommes arriv\u00e9s sur site nous avons \u00e9t\u00e9 accueillis par une belle averse de gr\u00e9sil et par un froid de canard ! Malgr\u00e9 cela, les milans se sont montr\u00e9s dans un premier temps timide puis au fur et \u00e0 mesure de l&rsquo;apr\u00e8s-midi on a pu en apercevoir davantage. Nous avons rep\u00e9r\u00e9 un site de pr\u00e9-dortoir donc nous avons boug\u00e9 pour mieux les observer. <br \/>Quand nous sommes arriv\u00e9s sur le deuxi\u00e8me site, nous avons vu un beau vol d&rsquo;alouette des champs. Puis les milans \u00e9taient aussi au rendez-vous, une dizaine de milans nous sont pass\u00e9s au dessus de la t\u00eate pour rejoindre le pr\u00e9-dortoir. Au bout d&rsquo;un moment, tous les milans se sont envol\u00e9s et nous avons pu les compter. Nous avons compt\u00e9s exactement 44 milans royaux. Ils ont vol\u00e9 pendant un long moment car les conditions m\u00e9t\u00e9orologiques \u00e9taient pas favorables (pluie, vent et froid). Ce fut un moment magique de voir autant d&rsquo;oiseaux dans le ciel avec un paysage magnifique et un coucher de soleil. Apr\u00e8s de longues minutes, les milans se posent enfin \u00e0 un dortoir pour passer la nuit. <img decoding=\"async\" class=\"emoji\" role=\"img\" src=\"https:\/\/s.w.org\/images\/core\/emoji\/14.0.0\/svg\/1f319.svg\" alt=\"\ud83c\udf19\" \/><\/p><p>C&rsquo;\u00e9tait mon premier comptage et donc mon \u00ab\u00a0bapt\u00e8me\u00a0\u00bb. C&rsquo;\u00e9tait une exp\u00e9rience g\u00e9niale malgr\u00e9 le froid et la pluie et j&rsquo;esp\u00e8re refaire cela bient\u00f4t. Cela renforce ma passion pour l&rsquo;ornitho et confirme que j&rsquo;ai envie d&rsquo;en faire mon m\u00e9tier. <img decoding=\"async\" class=\"emoji\" role=\"img\" src=\"https:\/\/s.w.org\/images\/core\/emoji\/14.0.0\/svg\/1f60a.svg\" alt=\"\ud83d\ude0a\" \/><\/p><p>Je remercie Didier et Jean-Luc de m&rsquo;avoir permis de participer \u00e0 ce comptage et de m&rsquo;avoir transmis leurs exp\u00e9riences.<\/p><p>A bient\u00f4t<\/p><p>L\u00e9a<\/p>\t\t\t\t\t\t\t\t<\/div>\n\t\t\t\t<\/div>\n\t\t\t\t\t<\/div>\n\t\t<\/div>\n\t\t\t\t\t<\/div>\n\t\t<\/section>\n\t\t\t\t<section class=\"elementor-section elementor-top-section elementor-element elementor-element-f15b5ec elementor-section-boxed elementor-section-height-default elementor-section-height-default wpr-particle-no wpr-jarallax-no wpr-parallax-no wpr-sticky-section-no wpr-equal-height-no\" data-id=\"f15b5ec\" data-element_type=\"section\" data-e-type=\"section\">\n\t\t\t\t\t\t<div class=\"elementor-container elementor-column-gap-default\">\n\t\t\t\t\t<div class=\"elementor-column elementor-col-33 elementor-top-column elementor-element elementor-element-771663f\" data-id=\"771663f\" data-element_type=\"column\" data-e-type=\"column\">\n\t\t\t<div class=\"elementor-widget-wrap elementor-element-populated\">\n\t\t\t\t\t\t<div class=\"elementor-element elementor-element-0c2dfda elementor-widget elementor-widget-image\" data-id=\"0c2dfda\" data-element_type=\"widget\" data-e-type=\"widget\" data-widget_type=\"image.default\">\n\t\t\t\t<div class=\"elementor-widget-container\">\n\t\t\t\t\t\t\t\t\t\t\t\t\t\t\t<img fetchpriority=\"high\" decoding=\"async\" width=\"576\" height=\"1024\" src=\"http:\/\/diderot.education\/65537b9653b8d-lea-perego\/wp-content\/uploads\/sites\/434\/2024\/02\/1704634877656-576x1024.jpeg\" class=\"attachment-large size-large wp-image-301\" alt=\"\" srcset=\"http:\/\/diderot.education\/65537b9653b8d-lea-perego\/wp-content\/uploads\/sites\/434\/2024\/02\/1704634877656-576x1024.jpeg 576w, http:\/\/diderot.education\/65537b9653b8d-lea-perego\/wp-content\/uploads\/sites\/434\/2024\/02\/1704634877656-169x300.jpeg 169w, http:\/\/diderot.education\/65537b9653b8d-lea-perego\/wp-content\/uploads\/sites\/434\/2024\/02\/1704634877656.jpeg 750w\" sizes=\"(max-width: 576px) 100vw, 576px\" \/>\t\t\t\t\t\t\t\t\t\t\t\t\t\t\t<\/div>\n\t\t\t\t<\/div>\n\t\t\t\t\t<\/div>\n\t\t<\/div>\n\t\t\t\t<div class=\"elementor-column elementor-col-33 elementor-top-column elementor-element elementor-element-c5553af\" data-id=\"c5553af\" data-element_type=\"column\" data-e-type=\"column\">\n\t\t\t<div class=\"elementor-widget-wrap elementor-element-populated\">\n\t\t\t\t\t\t<div class=\"elementor-element elementor-element-81cb7ee elementor-widget elementor-widget-image\" data-id=\"81cb7ee\" data-element_type=\"widget\" data-e-type=\"widget\" data-widget_type=\"image.default\">\n\t\t\t\t<div class=\"elementor-widget-container\">\n\t\t\t\t\t\t\t\t\t\t\t\t\t\t\t<img decoding=\"async\" width=\"1280\" height=\"1707\" src=\"http:\/\/diderot.education\/65537b9653b8d-lea-perego\/wp-content\/uploads\/sites\/434\/2024\/02\/1704634879009.jpeg\" class=\"attachment-full size-full wp-image-302\" alt=\"\" srcset=\"http:\/\/diderot.education\/65537b9653b8d-lea-perego\/wp-content\/uploads\/sites\/434\/2024\/02\/1704634879009.jpeg 1280w, http:\/\/diderot.education\/65537b9653b8d-lea-perego\/wp-content\/uploads\/sites\/434\/2024\/02\/1704634879009-225x300.jpeg 225w, http:\/\/diderot.education\/65537b9653b8d-lea-perego\/wp-content\/uploads\/sites\/434\/2024\/02\/1704634879009-768x1024.jpeg 768w, http:\/\/diderot.education\/65537b9653b8d-lea-perego\/wp-content\/uploads\/sites\/434\/2024\/02\/1704634879009-1152x1536.jpeg 1152w\" sizes=\"(max-width: 1280px) 100vw, 1280px\" \/>\t\t\t\t\t\t\t\t\t\t\t\t\t\t\t<\/div>\n\t\t\t\t<\/div>\n\t\t\t\t\t<\/div>\n\t\t<\/div>\n\t\t\t\t<div class=\"elementor-column elementor-col-33 elementor-top-column elementor-element elementor-element-6e5b463\" data-id=\"6e5b463\" data-element_type=\"column\" data-e-type=\"column\">\n\t\t\t<div class=\"elementor-widget-wrap elementor-element-populated\">\n\t\t\t\t\t\t<div class=\"elementor-element elementor-element-4168bc8 elementor-widget elementor-widget-image\" data-id=\"4168bc8\" data-element_type=\"widget\" data-e-type=\"widget\" data-widget_type=\"image.default\">\n\t\t\t\t<div class=\"elementor-widget-container\">\n\t\t\t\t\t\t\t\t\t\t\t\t\t\t\t<img decoding=\"async\" width=\"576\" height=\"1024\" src=\"http:\/\/diderot.education\/65537b9653b8d-lea-perego\/wp-content\/uploads\/sites\/434\/2024\/02\/1704634877198-576x1024.jpeg\" class=\"attachment-large size-large wp-image-303\" alt=\"Oiseaux, milan royal, vol\" srcset=\"http:\/\/diderot.education\/65537b9653b8d-lea-perego\/wp-content\/uploads\/sites\/434\/2024\/02\/1704634877198-576x1024.jpeg 576w, http:\/\/diderot.education\/65537b9653b8d-lea-perego\/wp-content\/uploads\/sites\/434\/2024\/02\/1704634877198-169x300.jpeg 169w, http:\/\/diderot.education\/65537b9653b8d-lea-perego\/wp-content\/uploads\/sites\/434\/2024\/02\/1704634877198.jpeg 750w\" sizes=\"(max-width: 576px) 100vw, 576px\" \/>\t\t\t\t\t\t\t\t\t\t\t\t\t\t\t<\/div>\n\t\t\t\t<\/div>\n\t\t\t\t\t<\/div>\n\t\t<\/div>\n\t\t\t\t\t<\/div>\n\t\t<\/section>\n\t\t\t\t<\/div>\n\t\t","protected":false},"excerpt":{"rendered":"<p>Le week-end du 6 et 7 janvier c&rsquo;\u00e9tait le comptage national des milans royaux hivernants. J&rsquo;ai pu y participer avec 2 b\u00e9n\u00e9voles de la LPO du Tarn, Didier et Jean-Luc. Nous sommes all\u00e9s sur un site o\u00f9 les milans ont l&rsquo;habitude d&rsquo;y faire un dortoir vers Montredon-Labessoni\u00e9 dans le Tarn. Quand nous sommes arriv\u00e9s sur site nous avons \u00e9t\u00e9 accueillis par une belle averse de gr\u00e9sil et par un froid de canard ! Malgr\u00e9 cela, les milans se sont montr\u00e9s dans un premier temps timide puis au fur et \u00e0 mesure de l&rsquo;apr\u00e8s-midi on a pu en apercevoir davantage. Nous avons rep\u00e9r\u00e9 un site de pr\u00e9-dortoir donc nous avons boug\u00e9 pour mieux les observer. Quand nous sommes arriv\u00e9s sur le deuxi\u00e8me site, nous avons vu un beau vol d&rsquo;alouette des champs. Puis les milans \u00e9taient aussi au rendez-vous, une dizaine de milans nous sont pass\u00e9s au dessus de la t\u00eate pour rejoindre le pr\u00e9-dortoir. Au bout d&rsquo;un moment, tous les milans se sont envol\u00e9s et nous avons pu les compter. Nous avons compt\u00e9s exactement 44 milans royaux. Ils ont vol\u00e9 pendant un long moment car les conditions m\u00e9t\u00e9orologiques \u00e9taient pas favorables (pluie, vent et froid). Ce fut un moment magique de voir autant d&rsquo;oiseaux dans le ciel avec un paysage magnifique et un coucher de soleil. Apr\u00e8s de longues minutes, les milans se posent enfin \u00e0 un dortoir pour passer la nuit. C&rsquo;\u00e9tait mon premier comptage et donc mon \u00ab\u00a0bapt\u00e8me\u00a0\u00bb. C&rsquo;\u00e9tait une exp\u00e9rience g\u00e9niale malgr\u00e9 le froid et la pluie et j&rsquo;esp\u00e8re refaire cela bient\u00f4t. Cela renforce ma passion pour l&rsquo;ornitho et confirme que j&rsquo;ai envie d&rsquo;en faire mon m\u00e9tier. Je remercie Didier et Jean-Luc de m&rsquo;avoir permis de participer \u00e0 ce comptage et de m&rsquo;avoir transmis leurs exp\u00e9riences. A bient\u00f4t L\u00e9a<\/p>\n","protected":false},"author":436,"featured_media":337,"comment_status":"open","ping_status":"open","sticky":false,"template":"","format":"standard","meta":{"om_disable_all_campaigns":false,"footnotes":""},"categories":[4],"tags":[],"class_list":["post-296","post","type-post","status-publish","format-standard","has-post-thumbnail","hentry","category-sorties"],"featured_image_src":"http:\/\/diderot.education\/65537b9653b8d-lea-perego\/wp-content\/uploads\/sites\/434\/2024\/02\/julian-J1_TnYe3is0-unsplash-1-scaled.jpg","author_info":{"display_name":"leaperego","author_link":"http:\/\/diderot.education\/65537b9653b8d-lea-perego\/author\/leaperego\/"},"yoast_head":"<!-- This site is optimized with the Yoast SEO plugin v27.5 - https:\/\/yoast.com\/product\/yoast-seo-wordpress\/ -->\n<title>Comptage hivernal des Milans - L\u00e9a Perego<\/title>\n<meta name=\"description\" content=\"Les 6 et 7 janvier c&#039;\u00e9tait le comptage national des milans royaux hivernants. J&#039;ai pu y participer avec des b\u00e9n\u00e9voles de la LPO Tarn.\" \/>\n<meta name=\"robots\" content=\"index, follow, max-snippet:-1, max-image-preview:large, max-video-preview:-1\" \/>\n<link rel=\"canonical\" href=\"http:\/\/diderot.education\/65537b9653b8d-lea-perego\/2024\/02\/08\/comptage-hivernal-des-milans\/\" \/>\n<meta property=\"og:locale\" content=\"fr_FR\" \/>\n<meta property=\"og:type\" content=\"article\" \/>\n<meta property=\"og:title\" content=\"Comptage hivernal des Milans - L\u00e9a Perego\" \/>\n<meta property=\"og:description\" content=\"Les 6 et 7 janvier c&#039;\u00e9tait le comptage national des milans royaux hivernants. J&#039;ai pu y participer avec des b\u00e9n\u00e9voles de la LPO Tarn.\" \/>\n<meta property=\"og:url\" content=\"http:\/\/diderot.education\/65537b9653b8d-lea-perego\/2024\/02\/08\/comptage-hivernal-des-milans\/\" \/>\n<meta property=\"og:site_name\" content=\"L\u00e9a Perego\" \/>\n<meta property=\"article:published_time\" content=\"2024-02-08T18:36:00+00:00\" \/>\n<meta property=\"article:modified_time\" content=\"2024-02-19T19:03:36+00:00\" \/>\n<meta property=\"og:image\" content=\"http:\/\/diderot.education\/65537b9653b8d-lea-perego\/wp-content\/uploads\/sites\/434\/2024\/02\/julian-J1_TnYe3is0-unsplash-1-scaled.jpg\" \/>\n\t<meta property=\"og:image:width\" content=\"2560\" \/>\n\t<meta property=\"og:image:height\" content=\"2087\" \/>\n\t<meta property=\"og:image:type\" content=\"image\/jpeg\" \/>\n<meta name=\"author\" content=\"leaperego\" \/>\n<meta name=\"twitter:card\" content=\"summary_large_image\" \/>\n<meta name=\"twitter:label1\" content=\"\u00c9crit par\" \/>\n\t<meta name=\"twitter:data1\" content=\"leaperego\" \/>\n\t<meta name=\"twitter:label2\" content=\"Dur\u00e9e de lecture estim\u00e9e\" \/>\n\t<meta name=\"twitter:data2\" content=\"3 minutes\" \/>\n<script type=\"application\/ld+json\" class=\"yoast-schema-graph\">{\"@context\":\"https:\\\/\\\/schema.org\",\"@graph\":[{\"@type\":\"Article\",\"@id\":\"http:\\\/\\\/diderot.education\\\/65537b9653b8d-lea-perego\\\/2024\\\/02\\\/08\\\/comptage-hivernal-des-milans\\\/#article\",\"isPartOf\":{\"@id\":\"http:\\\/\\\/diderot.education\\\/65537b9653b8d-lea-perego\\\/2024\\\/02\\\/08\\\/comptage-hivernal-des-milans\\\/\"},\"author\":{\"name\":\"leaperego\",\"@id\":\"http:\\\/\\\/diderot.education\\\/65537b9653b8d-lea-perego\\\/#\\\/schema\\\/person\\\/d9fe9ef617f09572fcaad69caba7d6d0\"},\"headline\":\"Comptage hivernal des Milans\",\"datePublished\":\"2024-02-08T18:36:00+00:00\",\"dateModified\":\"2024-02-19T19:03:36+00:00\",\"mainEntityOfPage\":{\"@id\":\"http:\\\/\\\/diderot.education\\\/65537b9653b8d-lea-perego\\\/2024\\\/02\\\/08\\\/comptage-hivernal-des-milans\\\/\"},\"wordCount\":332,\"commentCount\":0,\"image\":{\"@id\":\"http:\\\/\\\/diderot.education\\\/65537b9653b8d-lea-perego\\\/2024\\\/02\\\/08\\\/comptage-hivernal-des-milans\\\/#primaryimage\"},\"thumbnailUrl\":\"http:\\\/\\\/diderot.education\\\/65537b9653b8d-lea-perego\\\/wp-content\\\/uploads\\\/sites\\\/434\\\/2024\\\/02\\\/julian-J1_TnYe3is0-unsplash-1-scaled.jpg\",\"articleSection\":[\"Sorties\"],\"inLanguage\":\"fr-FR\",\"potentialAction\":[{\"@type\":\"CommentAction\",\"name\":\"Comment\",\"target\":[\"http:\\\/\\\/diderot.education\\\/65537b9653b8d-lea-perego\\\/2024\\\/02\\\/08\\\/comptage-hivernal-des-milans\\\/#respond\"]}]},{\"@type\":\"WebPage\",\"@id\":\"http:\\\/\\\/diderot.education\\\/65537b9653b8d-lea-perego\\\/2024\\\/02\\\/08\\\/comptage-hivernal-des-milans\\\/\",\"url\":\"http:\\\/\\\/diderot.education\\\/65537b9653b8d-lea-perego\\\/2024\\\/02\\\/08\\\/comptage-hivernal-des-milans\\\/\",\"name\":\"Comptage hivernal des Milans - L\u00e9a Perego\",\"isPartOf\":{\"@id\":\"http:\\\/\\\/diderot.education\\\/65537b9653b8d-lea-perego\\\/#website\"},\"primaryImageOfPage\":{\"@id\":\"http:\\\/\\\/diderot.education\\\/65537b9653b8d-lea-perego\\\/2024\\\/02\\\/08\\\/comptage-hivernal-des-milans\\\/#primaryimage\"},\"image\":{\"@id\":\"http:\\\/\\\/diderot.education\\\/65537b9653b8d-lea-perego\\\/2024\\\/02\\\/08\\\/comptage-hivernal-des-milans\\\/#primaryimage\"},\"thumbnailUrl\":\"http:\\\/\\\/diderot.education\\\/65537b9653b8d-lea-perego\\\/wp-content\\\/uploads\\\/sites\\\/434\\\/2024\\\/02\\\/julian-J1_TnYe3is0-unsplash-1-scaled.jpg\",\"datePublished\":\"2024-02-08T18:36:00+00:00\",\"dateModified\":\"2024-02-19T19:03:36+00:00\",\"author\":{\"@id\":\"http:\\\/\\\/diderot.education\\\/65537b9653b8d-lea-perego\\\/#\\\/schema\\\/person\\\/d9fe9ef617f09572fcaad69caba7d6d0\"},\"description\":\"Les 6 et 7 janvier c'\u00e9tait le comptage national des milans royaux hivernants. J'ai pu y participer avec des b\u00e9n\u00e9voles de la LPO Tarn.\",\"breadcrumb\":{\"@id\":\"http:\\\/\\\/diderot.education\\\/65537b9653b8d-lea-perego\\\/2024\\\/02\\\/08\\\/comptage-hivernal-des-milans\\\/#breadcrumb\"},\"inLanguage\":\"fr-FR\",\"potentialAction\":[{\"@type\":\"ReadAction\",\"target\":[\"http:\\\/\\\/diderot.education\\\/65537b9653b8d-lea-perego\\\/2024\\\/02\\\/08\\\/comptage-hivernal-des-milans\\\/\"]}]},{\"@type\":\"ImageObject\",\"inLanguage\":\"fr-FR\",\"@id\":\"http:\\\/\\\/diderot.education\\\/65537b9653b8d-lea-perego\\\/2024\\\/02\\\/08\\\/comptage-hivernal-des-milans\\\/#primaryimage\",\"url\":\"http:\\\/\\\/diderot.education\\\/65537b9653b8d-lea-perego\\\/wp-content\\\/uploads\\\/sites\\\/434\\\/2024\\\/02\\\/julian-J1_TnYe3is0-unsplash-1-scaled.jpg\",\"contentUrl\":\"http:\\\/\\\/diderot.education\\\/65537b9653b8d-lea-perego\\\/wp-content\\\/uploads\\\/sites\\\/434\\\/2024\\\/02\\\/julian-J1_TnYe3is0-unsplash-1-scaled.jpg\",\"width\":2560,\"height\":2087,\"caption\":\"milan royal, oiseaux, rapace, vol\"},{\"@type\":\"BreadcrumbList\",\"@id\":\"http:\\\/\\\/diderot.education\\\/65537b9653b8d-lea-perego\\\/2024\\\/02\\\/08\\\/comptage-hivernal-des-milans\\\/#breadcrumb\",\"itemListElement\":[{\"@type\":\"ListItem\",\"position\":1,\"name\":\"Accueil\",\"item\":\"http:\\\/\\\/diderot.education\\\/65537b9653b8d-lea-perego\\\/\"},{\"@type\":\"ListItem\",\"position\":2,\"name\":\"Comptage hivernal des Milans\"}]},{\"@type\":\"WebSite\",\"@id\":\"http:\\\/\\\/diderot.education\\\/65537b9653b8d-lea-perego\\\/#website\",\"url\":\"http:\\\/\\\/diderot.education\\\/65537b9653b8d-lea-perego\\\/\",\"name\":\"L\u00e9a Perego\",\"description\":\"\",\"potentialAction\":[{\"@type\":\"SearchAction\",\"target\":{\"@type\":\"EntryPoint\",\"urlTemplate\":\"http:\\\/\\\/diderot.education\\\/65537b9653b8d-lea-perego\\\/?s={search_term_string}\"},\"query-input\":{\"@type\":\"PropertyValueSpecification\",\"valueRequired\":true,\"valueName\":\"search_term_string\"}}],\"inLanguage\":\"fr-FR\"},{\"@type\":\"Person\",\"@id\":\"http:\\\/\\\/diderot.education\\\/65537b9653b8d-lea-perego\\\/#\\\/schema\\\/person\\\/d9fe9ef617f09572fcaad69caba7d6d0\",\"name\":\"leaperego\",\"image\":{\"@type\":\"ImageObject\",\"inLanguage\":\"fr-FR\",\"@id\":\"https:\\\/\\\/secure.gravatar.com\\\/avatar\\\/d07b14c76a5f1baf06412b263419414a0b723d2c2a205263aa017b43556e1471?s=96&d=mm&r=g\",\"url\":\"https:\\\/\\\/secure.gravatar.com\\\/avatar\\\/d07b14c76a5f1baf06412b263419414a0b723d2c2a205263aa017b43556e1471?s=96&d=mm&r=g\",\"contentUrl\":\"https:\\\/\\\/secure.gravatar.com\\\/avatar\\\/d07b14c76a5f1baf06412b263419414a0b723d2c2a205263aa017b43556e1471?s=96&d=mm&r=g\",\"caption\":\"leaperego\"},\"url\":\"http:\\\/\\\/diderot.education\\\/65537b9653b8d-lea-perego\\\/author\\\/leaperego\\\/\"}]}<\/script>\n<!-- \/ Yoast SEO plugin. -->","yoast_head_json":{"title":"Comptage hivernal des Milans - L\u00e9a Perego","description":"Les 6 et 7 janvier c'\u00e9tait le comptage national des milans royaux hivernants. J'ai pu y participer avec des b\u00e9n\u00e9voles de la LPO Tarn.","robots":{"index":"index","follow":"follow","max-snippet":"max-snippet:-1","max-image-preview":"max-image-preview:large","max-video-preview":"max-video-preview:-1"},"canonical":"http:\/\/diderot.education\/65537b9653b8d-lea-perego\/2024\/02\/08\/comptage-hivernal-des-milans\/","og_locale":"fr_FR","og_type":"article","og_title":"Comptage hivernal des Milans - L\u00e9a Perego","og_description":"Les 6 et 7 janvier c'\u00e9tait le comptage national des milans royaux hivernants. J'ai pu y participer avec des b\u00e9n\u00e9voles de la LPO Tarn.","og_url":"http:\/\/diderot.education\/65537b9653b8d-lea-perego\/2024\/02\/08\/comptage-hivernal-des-milans\/","og_site_name":"L\u00e9a Perego","article_published_time":"2024-02-08T18:36:00+00:00","article_modified_time":"2024-02-19T19:03:36+00:00","og_image":[{"width":2560,"height":2087,"url":"http:\/\/diderot.education\/65537b9653b8d-lea-perego\/wp-content\/uploads\/sites\/434\/2024\/02\/julian-J1_TnYe3is0-unsplash-1-scaled.jpg","type":"image\/jpeg"}],"author":"leaperego","twitter_card":"summary_large_image","twitter_misc":{"\u00c9crit par":"leaperego","Dur\u00e9e de lecture estim\u00e9e":"3 minutes"},"schema":{"@context":"https:\/\/schema.org","@graph":[{"@type":"Article","@id":"http:\/\/diderot.education\/65537b9653b8d-lea-perego\/2024\/02\/08\/comptage-hivernal-des-milans\/#article","isPartOf":{"@id":"http:\/\/diderot.education\/65537b9653b8d-lea-perego\/2024\/02\/08\/comptage-hivernal-des-milans\/"},"author":{"name":"leaperego","@id":"http:\/\/diderot.education\/65537b9653b8d-lea-perego\/#\/schema\/person\/d9fe9ef617f09572fcaad69caba7d6d0"},"headline":"Comptage hivernal des Milans","datePublished":"2024-02-08T18:36:00+00:00","dateModified":"2024-02-19T19:03:36+00:00","mainEntityOfPage":{"@id":"http:\/\/diderot.education\/65537b9653b8d-lea-perego\/2024\/02\/08\/comptage-hivernal-des-milans\/"},"wordCount":332,"commentCount":0,"image":{"@id":"http:\/\/diderot.education\/65537b9653b8d-lea-perego\/2024\/02\/08\/comptage-hivernal-des-milans\/#primaryimage"},"thumbnailUrl":"http:\/\/diderot.education\/65537b9653b8d-lea-perego\/wp-content\/uploads\/sites\/434\/2024\/02\/julian-J1_TnYe3is0-unsplash-1-scaled.jpg","articleSection":["Sorties"],"inLanguage":"fr-FR","potentialAction":[{"@type":"CommentAction","name":"Comment","target":["http:\/\/diderot.education\/65537b9653b8d-lea-perego\/2024\/02\/08\/comptage-hivernal-des-milans\/#respond"]}]},{"@type":"WebPage","@id":"http:\/\/diderot.education\/65537b9653b8d-lea-perego\/2024\/02\/08\/comptage-hivernal-des-milans\/","url":"http:\/\/diderot.education\/65537b9653b8d-lea-perego\/2024\/02\/08\/comptage-hivernal-des-milans\/","name":"Comptage hivernal des Milans - L\u00e9a Perego","isPartOf":{"@id":"http:\/\/diderot.education\/65537b9653b8d-lea-perego\/#website"},"primaryImageOfPage":{"@id":"http:\/\/diderot.education\/65537b9653b8d-lea-perego\/2024\/02\/08\/comptage-hivernal-des-milans\/#primaryimage"},"image":{"@id":"http:\/\/diderot.education\/65537b9653b8d-lea-perego\/2024\/02\/08\/comptage-hivernal-des-milans\/#primaryimage"},"thumbnailUrl":"http:\/\/diderot.education\/65537b9653b8d-lea-perego\/wp-content\/uploads\/sites\/434\/2024\/02\/julian-J1_TnYe3is0-unsplash-1-scaled.jpg","datePublished":"2024-02-08T18:36:00+00:00","dateModified":"2024-02-19T19:03:36+00:00","author":{"@id":"http:\/\/diderot.education\/65537b9653b8d-lea-perego\/#\/schema\/person\/d9fe9ef617f09572fcaad69caba7d6d0"},"description":"Les 6 et 7 janvier c'\u00e9tait le comptage national des milans royaux hivernants. J'ai pu y participer avec des b\u00e9n\u00e9voles de la LPO Tarn.","breadcrumb":{"@id":"http:\/\/diderot.education\/65537b9653b8d-lea-perego\/2024\/02\/08\/comptage-hivernal-des-milans\/#breadcrumb"},"inLanguage":"fr-FR","potentialAction":[{"@type":"ReadAction","target":["http:\/\/diderot.education\/65537b9653b8d-lea-perego\/2024\/02\/08\/comptage-hivernal-des-milans\/"]}]},{"@type":"ImageObject","inLanguage":"fr-FR","@id":"http:\/\/diderot.education\/65537b9653b8d-lea-perego\/2024\/02\/08\/comptage-hivernal-des-milans\/#primaryimage","url":"http:\/\/diderot.education\/65537b9653b8d-lea-perego\/wp-content\/uploads\/sites\/434\/2024\/02\/julian-J1_TnYe3is0-unsplash-1-scaled.jpg","contentUrl":"http:\/\/diderot.education\/65537b9653b8d-lea-perego\/wp-content\/uploads\/sites\/434\/2024\/02\/julian-J1_TnYe3is0-unsplash-1-scaled.jpg","width":2560,"height":2087,"caption":"milan royal, oiseaux, rapace, vol"},{"@type":"BreadcrumbList","@id":"http:\/\/diderot.education\/65537b9653b8d-lea-perego\/2024\/02\/08\/comptage-hivernal-des-milans\/#breadcrumb","itemListElement":[{"@type":"ListItem","position":1,"name":"Accueil","item":"http:\/\/diderot.education\/65537b9653b8d-lea-perego\/"},{"@type":"ListItem","position":2,"name":"Comptage hivernal des Milans"}]},{"@type":"WebSite","@id":"http:\/\/diderot.education\/65537b9653b8d-lea-perego\/#website","url":"http:\/\/diderot.education\/65537b9653b8d-lea-perego\/","name":"L\u00e9a Perego","description":"","potentialAction":[{"@type":"SearchAction","target":{"@type":"EntryPoint","urlTemplate":"http:\/\/diderot.education\/65537b9653b8d-lea-perego\/?s={search_term_string}"},"query-input":{"@type":"PropertyValueSpecification","valueRequired":true,"valueName":"search_term_string"}}],"inLanguage":"fr-FR"},{"@type":"Person","@id":"http:\/\/diderot.education\/65537b9653b8d-lea-perego\/#\/schema\/person\/d9fe9ef617f09572fcaad69caba7d6d0","name":"leaperego","image":{"@type":"ImageObject","inLanguage":"fr-FR","@id":"https:\/\/secure.gravatar.com\/avatar\/d07b14c76a5f1baf06412b263419414a0b723d2c2a205263aa017b43556e1471?s=96&d=mm&r=g","url":"https:\/\/secure.gravatar.com\/avatar\/d07b14c76a5f1baf06412b263419414a0b723d2c2a205263aa017b43556e1471?s=96&d=mm&r=g","contentUrl":"https:\/\/secure.gravatar.com\/avatar\/d07b14c76a5f1baf06412b263419414a0b723d2c2a205263aa017b43556e1471?s=96&d=mm&r=g","caption":"leaperego"},"url":"http:\/\/diderot.education\/65537b9653b8d-lea-perego\/author\/leaperego\/"}]}},"_links":{"self":[{"href":"http:\/\/diderot.education\/65537b9653b8d-lea-perego\/wp-json\/wp\/v2\/posts\/296","targetHints":{"allow":["GET"]}}],"collection":[{"href":"http:\/\/diderot.education\/65537b9653b8d-lea-perego\/wp-json\/wp\/v2\/posts"}],"about":[{"href":"http:\/\/diderot.education\/65537b9653b8d-lea-perego\/wp-json\/wp\/v2\/types\/post"}],"author":[{"embeddable":true,"href":"http:\/\/diderot.education\/65537b9653b8d-lea-perego\/wp-json\/wp\/v2\/users\/436"}],"replies":[{"embeddable":true,"href":"http:\/\/diderot.education\/65537b9653b8d-lea-perego\/wp-json\/wp\/v2\/comments?post=296"}],"version-history":[{"count":13,"href":"http:\/\/diderot.education\/65537b9653b8d-lea-perego\/wp-json\/wp\/v2\/posts\/296\/revisions"}],"predecessor-version":[{"id":443,"href":"http:\/\/diderot.education\/65537b9653b8d-lea-perego\/wp-json\/wp\/v2\/posts\/296\/revisions\/443"}],"wp:featuredmedia":[{"embeddable":true,"href":"http:\/\/diderot.education\/65537b9653b8d-lea-perego\/wp-json\/wp\/v2\/media\/337"}],"wp:attachment":[{"href":"http:\/\/diderot.education\/65537b9653b8d-lea-perego\/wp-json\/wp\/v2\/media?parent=296"}],"wp:term":[{"taxonomy":"category","embeddable":true,"href":"http:\/\/diderot.education\/65537b9653b8d-lea-perego\/wp-json\/wp\/v2\/categories?post=296"},{"taxonomy":"post_tag","embeddable":true,"href":"http:\/\/diderot.education\/65537b9653b8d-lea-perego\/wp-json\/wp\/v2\/tags?post=296"}],"curies":[{"name":"wp","href":"https:\/\/api.w.org\/{rel}","templated":true}]}}