{"id":528,"date":"2025-04-26T16:27:48","date_gmt":"2025-04-26T14:27:48","guid":{"rendered":"http:\/\/diderot.education\/6707f-marie-priscilla-rodriguez\/?p=528"},"modified":"2026-03-07T20:34:56","modified_gmt":"2026-03-07T19:34:56","slug":"question-du-poids-dans-limage-corporelle","status":"publish","type":"post","link":"http:\/\/diderot.education\/6707f-marie-priscilla-rodriguez\/2025\/04\/26\/question-du-poids-dans-limage-corporelle\/","title":{"rendered":"Une question de poids !"},"content":{"rendered":"\n<p><\/p>\n\n\n\n<p>&nbsp; &nbsp; &nbsp; &nbsp; &nbsp; Nombreuses sont les personnes relatant la question du <strong>poids dans l&rsquo;image<\/strong> corporelle, \u00e0 <strong>tort ET \u00e0<\/strong> <strong>raison <\/strong>mais il faut se <strong>poser les bonnes questions<\/strong> !<\/p>\n\n\n\n<p>&nbsp; &nbsp; &nbsp; &nbsp; &nbsp; &#8211; En effet, j&rsquo;ai \u00e9t\u00e9 mannequin en agence pendant 10 ans. J&rsquo;ai pu constater les \u00ab\u00a0r\u00e8gles\u00a0\u00bb de ce domaine au niveau du poids avec la demande des agences. Mais les agences ne donnent pas tout le reflet : les marques, la soci\u00e9t\u00e9, les cr\u00e9ateurs prennent plus de place. J&rsquo;y ai \u00e9t\u00e9 soumise sur tout ce laps de temps. Je l&rsquo;assume avec plaisir car je me suis bien amus\u00e9e. J&rsquo;ai fait de belles prestations, de belles rencontres. Je me suis suffisamment vue de mani\u00e8re diff\u00e9rente pour y prendre autant de plaisir aujourd&rsquo;hui. Et \u00e9videmment, cr\u00e9atrice que je suis, j&rsquo;aime l&rsquo;image sous toutes ses formes, vous pouvez le voir dans ce site !<\/p>\n\n\n<div class=\"wp-block-image\">\n<figure class=\"aligncenter size-large is-resized\"><img fetchpriority=\"high\" decoding=\"async\" width=\"1024\" height=\"683\" src=\"http:\/\/diderot.education\/6707f-marie-priscilla-rodriguez\/wp-content\/uploads\/sites\/681\/2025\/04\/mannequinat_perte_poids_0_85Mo-1024x683.jpg\" alt=\"\" class=\"wp-image-938\" style=\"aspect-ratio:1.499330655957162;object-fit:cover;width:400px\" srcset=\"http:\/\/diderot.education\/6707f-marie-priscilla-rodriguez\/wp-content\/uploads\/sites\/681\/2025\/04\/mannequinat_perte_poids_0_85Mo-1024x683.jpg 1024w, http:\/\/diderot.education\/6707f-marie-priscilla-rodriguez\/wp-content\/uploads\/sites\/681\/2025\/04\/mannequinat_perte_poids_0_85Mo-300x200.jpg 300w, http:\/\/diderot.education\/6707f-marie-priscilla-rodriguez\/wp-content\/uploads\/sites\/681\/2025\/04\/mannequinat_perte_poids_0_85Mo-768x512.jpg 768w, http:\/\/diderot.education\/6707f-marie-priscilla-rodriguez\/wp-content\/uploads\/sites\/681\/2025\/04\/mannequinat_perte_poids_0_85Mo-24x16.jpg 24w, http:\/\/diderot.education\/6707f-marie-priscilla-rodriguez\/wp-content\/uploads\/sites\/681\/2025\/04\/mannequinat_perte_poids_0_85Mo-36x24.jpg 36w, http:\/\/diderot.education\/6707f-marie-priscilla-rodriguez\/wp-content\/uploads\/sites\/681\/2025\/04\/mannequinat_perte_poids_0_85Mo-48x32.jpg 48w, http:\/\/diderot.education\/6707f-marie-priscilla-rodriguez\/wp-content\/uploads\/sites\/681\/2025\/04\/mannequinat_perte_poids_0_85Mo.jpg 1536w\" sizes=\"(max-width: 1024px) 100vw, 1024px\" \/><\/figure>\n<\/div>\n\n\n<h2 class=\"wp-block-heading\"><strong>&nbsp; &nbsp; &nbsp; &nbsp; &nbsp; La soci\u00e9t\u00e9 \u00e0 souhaits.<\/strong><\/h2>\n\n\n\n<p>&nbsp; &nbsp; &nbsp; &nbsp; &nbsp; Les magazines, les affiches, la TV&#8230; Les m\u00e9dias montrent une <strong>image <\/strong>de la femme plut\u00f4t <strong>\u00e9lanc\u00e9e <\/strong>et <strong>fr\u00eale <\/strong>qui <strong>d\u00e9range beaucoup <\/strong>dans les tablo\u00efds. Pour beaucoup, <strong>mince = malade ?!<\/strong>. Il existe vraiment des femmes qui ne <strong>prennent pas de poids<\/strong>. D&rsquo;autres <strong>mangent sainement<\/strong> et light, d&rsquo;autres encore ne <strong>mangent que peu<\/strong>, c&rsquo;est vrai. C&rsquo;est en fait une belle <strong>repr\u00e9sentation de la soci\u00e9t\u00e9<\/strong> car les femmes sont aussi <strong>toutes diff\u00e9rentes<\/strong> \u00e0 ce niveau l\u00e0. <br>2 <strong>marques de luxe<\/strong> ont sign\u00e9 il a de nombreuses ann\u00e9es d\u00e9j\u00e0 une charte expos\u00e9e au journal de 20h. Elles disent <strong>refuser les tailles 34<\/strong>. Mais les <strong>d\u00e9fil\u00e9s c&rsquo;est 1m80<\/strong> pour une grande partie, <strong>pour un 36<\/strong>, donc c&rsquo;est la m\u00eame chose de mani\u00e8re \u00e9quivalente, voir plus mince ! Du haut de mes 1m76, je faisais partie des plus petites (oui 1m80 pour une femme c&rsquo;est courant dans ce milieu) !<\/p>\n\n\n<div class=\"wp-block-image\">\n<figure class=\"aligncenter size-large is-resized\"><img decoding=\"async\" width=\"1024\" height=\"683\" src=\"http:\/\/diderot.education\/6707f-marie-priscilla-rodriguez\/wp-content\/uploads\/sites\/681\/2025\/04\/mannequinat_dos_a_dos_paysage_0_85Mo-1024x683.jpg\" alt=\"\" class=\"wp-image-939\" style=\"aspect-ratio:1.499330655957162;object-fit:cover;width:400px\" srcset=\"http:\/\/diderot.education\/6707f-marie-priscilla-rodriguez\/wp-content\/uploads\/sites\/681\/2025\/04\/mannequinat_dos_a_dos_paysage_0_85Mo-1024x683.jpg 1024w, http:\/\/diderot.education\/6707f-marie-priscilla-rodriguez\/wp-content\/uploads\/sites\/681\/2025\/04\/mannequinat_dos_a_dos_paysage_0_85Mo-300x200.jpg 300w, http:\/\/diderot.education\/6707f-marie-priscilla-rodriguez\/wp-content\/uploads\/sites\/681\/2025\/04\/mannequinat_dos_a_dos_paysage_0_85Mo-768x512.jpg 768w, http:\/\/diderot.education\/6707f-marie-priscilla-rodriguez\/wp-content\/uploads\/sites\/681\/2025\/04\/mannequinat_dos_a_dos_paysage_0_85Mo-24x16.jpg 24w, http:\/\/diderot.education\/6707f-marie-priscilla-rodriguez\/wp-content\/uploads\/sites\/681\/2025\/04\/mannequinat_dos_a_dos_paysage_0_85Mo-36x24.jpg 36w, http:\/\/diderot.education\/6707f-marie-priscilla-rodriguez\/wp-content\/uploads\/sites\/681\/2025\/04\/mannequinat_dos_a_dos_paysage_0_85Mo-48x32.jpg 48w, http:\/\/diderot.education\/6707f-marie-priscilla-rodriguez\/wp-content\/uploads\/sites\/681\/2025\/04\/mannequinat_dos_a_dos_paysage_0_85Mo.jpg 1536w\" sizes=\"(max-width: 1024px) 100vw, 1024px\" \/><\/figure>\n<\/div>\n\n\n<h2 class=\"wp-block-heading\"><strong>&nbsp; &nbsp; &nbsp; &nbsp; &nbsp; L&rsquo;agence nous veut homog\u00e8ne<\/strong>.<\/h2>\n\n\n\n<p>&nbsp; &nbsp; &nbsp; &nbsp; &nbsp; Lorsque l&rsquo;on <strong>contacte une agence<\/strong>, on parle de <strong>mensurations <\/strong>et non de poids. Ils disent vouloir une personne <strong>homog\u00e8ne <\/strong>de corps et non anorexique que ce soit <strong>du 34 au 46<\/strong>. A savoir que les <strong>tailles 36<\/strong> prennent la <strong>plus grosse partie du march\u00e9<\/strong>. L&rsquo;<strong>IMC <\/strong>(Indice de Masse Corporel = poids\/ taille\u00b2 qui repr\u00e9sente une indication de poids) est rarement \u00e9lev\u00e9, <strong>maximum 18<\/strong>. Avec peu de masse musculaire, poids et cm se valent donc l&rsquo;IMC, si on est au dessus de 18kg\/m\u00b2, est normal. Mais depuis <strong>mai 2017<\/strong>, nous devons fournir un <strong>certificat <\/strong>\u00e0 nos bookeurs et nos prestataires.<\/p>\n\n\n<div class=\"wp-block-image\">\n<figure class=\"aligncenter size-large is-resized\"><img decoding=\"async\" width=\"1024\" height=\"683\" src=\"http:\/\/diderot.education\/6707f-marie-priscilla-rodriguez\/wp-content\/uploads\/sites\/681\/2025\/04\/mannequinat_certificat_balance_0_85Mo-1024x683.jpg\" alt=\"\" class=\"wp-image-940\" style=\"aspect-ratio:1.499330655957162;object-fit:cover;width:400px\" srcset=\"http:\/\/diderot.education\/6707f-marie-priscilla-rodriguez\/wp-content\/uploads\/sites\/681\/2025\/04\/mannequinat_certificat_balance_0_85Mo-1024x683.jpg 1024w, http:\/\/diderot.education\/6707f-marie-priscilla-rodriguez\/wp-content\/uploads\/sites\/681\/2025\/04\/mannequinat_certificat_balance_0_85Mo-300x200.jpg 300w, http:\/\/diderot.education\/6707f-marie-priscilla-rodriguez\/wp-content\/uploads\/sites\/681\/2025\/04\/mannequinat_certificat_balance_0_85Mo-768x512.jpg 768w, http:\/\/diderot.education\/6707f-marie-priscilla-rodriguez\/wp-content\/uploads\/sites\/681\/2025\/04\/mannequinat_certificat_balance_0_85Mo-24x16.jpg 24w, http:\/\/diderot.education\/6707f-marie-priscilla-rodriguez\/wp-content\/uploads\/sites\/681\/2025\/04\/mannequinat_certificat_balance_0_85Mo-36x24.jpg 36w, http:\/\/diderot.education\/6707f-marie-priscilla-rodriguez\/wp-content\/uploads\/sites\/681\/2025\/04\/mannequinat_certificat_balance_0_85Mo-48x32.jpg 48w, http:\/\/diderot.education\/6707f-marie-priscilla-rodriguez\/wp-content\/uploads\/sites\/681\/2025\/04\/mannequinat_certificat_balance_0_85Mo.jpg 1536w\" sizes=\"(max-width: 1024px) 100vw, 1024px\" \/><\/figure>\n<\/div>\n\n\n<h2 class=\"wp-block-heading\"><strong>&nbsp; &nbsp; &nbsp; &nbsp; &nbsp; La loi non accept\u00e9e par beaucoup<\/strong>&#8230;<\/h2>\n\n\n\n<p>&nbsp; &nbsp; &nbsp; &nbsp; &nbsp; Depuis mai 2017, nous avons toutes re\u00e7u un mail de nos agences m\u00e8res. Elles nous demandaient un <strong>certificat m\u00e9dical attestant de nos 18,5 d&rsquo;IMC<\/strong>. Ce qui repr\u00e9sente maximum <strong>20 kilos de moins<\/strong> que notre taille. Les certificats sont d\u00e9livr\u00e9s je suppose, mais j&rsquo;observe que <strong>peu ont chang\u00e9<\/strong> (raresss) ! Je me demande en fait comment et o\u00f9 vont ces jeunes filles pour avoir un <strong>certificat r\u00e9el<\/strong>. Si elles fournissent un certificat car elles sont beaucoup <strong>trop minces<\/strong> pour atteindre les 18.5 d&rsquo;IMC, c&rsquo;est clairement <strong>impossible<\/strong>. C&rsquo;est certain que ce n&rsquo;est pas demain que l&rsquo;on enverra une \u00e9quipe m\u00e9dicale \u00e0 la fashion week, cela taperai sur une v\u00e9ritable institution radicalement.<\/p>\n\n\n<div class=\"wp-block-image\">\n<figure class=\"aligncenter size-full is-resized\"><img loading=\"lazy\" decoding=\"async\" width=\"1024\" height=\"576\" src=\"http:\/\/diderot.education\/6707f-marie-priscilla-rodriguez\/wp-content\/uploads\/sites\/681\/2025\/04\/mannequin_coeur_main_paysage_0_85Mo.jpg\" alt=\"\" class=\"wp-image-943\" style=\"width:400px\" srcset=\"http:\/\/diderot.education\/6707f-marie-priscilla-rodriguez\/wp-content\/uploads\/sites\/681\/2025\/04\/mannequin_coeur_main_paysage_0_85Mo.jpg 1024w, http:\/\/diderot.education\/6707f-marie-priscilla-rodriguez\/wp-content\/uploads\/sites\/681\/2025\/04\/mannequin_coeur_main_paysage_0_85Mo-300x169.jpg 300w, http:\/\/diderot.education\/6707f-marie-priscilla-rodriguez\/wp-content\/uploads\/sites\/681\/2025\/04\/mannequin_coeur_main_paysage_0_85Mo-768x432.jpg 768w, http:\/\/diderot.education\/6707f-marie-priscilla-rodriguez\/wp-content\/uploads\/sites\/681\/2025\/04\/mannequin_coeur_main_paysage_0_85Mo-24x14.jpg 24w, http:\/\/diderot.education\/6707f-marie-priscilla-rodriguez\/wp-content\/uploads\/sites\/681\/2025\/04\/mannequin_coeur_main_paysage_0_85Mo-36x20.jpg 36w, http:\/\/diderot.education\/6707f-marie-priscilla-rodriguez\/wp-content\/uploads\/sites\/681\/2025\/04\/mannequin_coeur_main_paysage_0_85Mo-48x27.jpg 48w\" sizes=\"(max-width: 1024px) 100vw, 1024px\" \/><\/figure>\n<\/div>\n\n\n<h2 class=\"wp-block-heading\"><strong>&nbsp; &nbsp; &nbsp; &nbsp; &nbsp; Un passif encore pr\u00e9sent !<\/strong><\/h2>\n\n\n\n<p>&nbsp; &nbsp; &nbsp; &nbsp; &nbsp; Vous avez, les acheteurs de l&rsquo;industrie de la mode, r\u00e9ussi \u00e0 <strong>faire bouger quelque peu<\/strong> les choses. Une loi a \u00e9t\u00e9 mise en place mais est toujours en cours de r\u00e9alisation, ou mise de c\u00f4t\u00e9.<br>Les mannequins font minimum 20 kilos de moins que leur taille, ou plut\u00f4t 25 (et plus) de moins ! \u00c0 40 ans pour 1m76, ce serait pour moi 50kg, et non, je le refuse (26 de moins que ma taille ce n&rsquo;est pas pensable = pour ma sant\u00e9). C&rsquo;est pourtant le poids quasiment, 55 souvent, de beaucoup dans le domaine ce qui n&rsquo;est pas \u00e9pais. Je pesais 56kg pour 1m76 donc 18,1 d&rsquo;IMC ces ann\u00e9es l\u00e0 mais j&rsquo;avais fait mon certificat juste avant de perdre ces derniers kg.<\/p>\n\n\n\n<h2 class=\"wp-block-heading\"><strong>&nbsp; &nbsp; &nbsp; &nbsp; &nbsp; Une sant\u00e9 engag\u00e9e<\/strong>.<\/h2>\n\n\n\n<p>\u00a0 \u00a0 \u00a0 \u00a0 \u00a0\u00a0Les <strong>carences <\/strong>sur le long terme sont r\u00e9elles et on en parle que rarement. Les <strong>probl\u00e8mes <\/strong>sont concrets et non pris en compte, <strong>cardiaques<\/strong>, <strong>r\u00e9naux<\/strong>, <strong>sanguins<\/strong>, <strong>r\u00e9sistance aux infections<\/strong>&#8230; Les mannequins vont \u00e9voluer, mais certaines plus difficilement que d&rsquo;autres. -&gt; je ne leur souhaite que le meilleur.<\/p>\n","protected":false},"excerpt":{"rendered":"<p>&nbsp; &nbsp; &nbsp; &nbsp; &nbsp; Nombreuses sont les personnes relatant la question du poids dans l&rsquo;image corporelle, \u00e0 tort ET \u00e0 raison mais il faut se poser les bonnes questions ! &nbsp; &nbsp; &nbsp; &nbsp; &nbsp; &#8211; En effet, j&rsquo;ai \u00e9t\u00e9 mannequin en agence pendant 10 ans. J&rsquo;ai pu constater les \u00ab\u00a0r\u00e8gles\u00a0\u00bb de ce domaine au niveau du poids avec la demande des agences. Mais les agences ne donnent pas tout le reflet : les marques, la soci\u00e9t\u00e9, les cr\u00e9ateurs prennent plus de place. J&rsquo;y ai \u00e9t\u00e9 soumise sur tout ce laps de temps. Je l&rsquo;assume avec plaisir car je me suis bien amus\u00e9e. J&rsquo;ai fait de belles prestations, de belles rencontres. Je me suis suffisamment vue de mani\u00e8re diff\u00e9rente pour y prendre autant de plaisir aujourd&rsquo;hui. Et \u00e9videmment, cr\u00e9atrice que je suis, j&rsquo;aime l&rsquo;image sous toutes ses formes, vous pouvez le voir dans ce site ! &nbsp; &nbsp; &nbsp; &nbsp; &nbsp; La soci\u00e9t\u00e9 \u00e0 souhaits. &nbsp; &nbsp; &nbsp; &nbsp; &nbsp; Les magazines, les affiches, la TV&#8230; Les m\u00e9dias montrent une image de la femme plut\u00f4t \u00e9lanc\u00e9e et fr\u00eale qui d\u00e9range beaucoup dans les tablo\u00efds. Pour beaucoup, mince = malade ?!. Il existe vraiment des femmes qui ne prennent pas de poids. D&rsquo;autres mangent sainement et light, d&rsquo;autres encore ne mangent que peu, c&rsquo;est vrai. C&rsquo;est en fait une belle repr\u00e9sentation de la soci\u00e9t\u00e9 car les femmes sont aussi toutes diff\u00e9rentes \u00e0 ce niveau l\u00e0. 2 marques de luxe ont sign\u00e9 il a de nombreuses ann\u00e9es d\u00e9j\u00e0 une charte expos\u00e9e au journal de 20h. Elles disent refuser les tailles 34. Mais les d\u00e9fil\u00e9s c&rsquo;est 1m80 pour une grande partie, pour un 36, donc c&rsquo;est la m\u00eame chose de mani\u00e8re \u00e9quivalente, voir plus mince ! Du haut de mes 1m76, je faisais partie des plus petites (oui 1m80 pour une femme c&rsquo;est courant dans ce milieu) ! &nbsp; &nbsp; &nbsp; &nbsp; &nbsp; L&rsquo;agence nous veut homog\u00e8ne. &nbsp; &nbsp; &nbsp; &nbsp; &nbsp; Lorsque l&rsquo;on contacte une agence, on parle de mensurations et non de poids. Ils disent vouloir une personne homog\u00e8ne de corps et non anorexique que ce soit du 34 au 46. A savoir que les tailles 36 prennent la plus grosse partie du march\u00e9. L&rsquo;IMC (Indice de Masse Corporel = poids\/ taille\u00b2 qui repr\u00e9sente une indication de poids) est rarement \u00e9lev\u00e9, maximum 18. Avec peu de masse musculaire, poids et cm se valent donc l&rsquo;IMC, si on est au dessus de 18kg\/m\u00b2, est normal. Mais depuis mai 2017, nous devons fournir un certificat \u00e0 nos bookeurs et nos prestataires. &nbsp; &nbsp; &nbsp; &nbsp; &nbsp; La loi non accept\u00e9e par beaucoup&#8230; &nbsp; &nbsp; &nbsp; &nbsp; &nbsp; Depuis mai 2017, nous avons toutes re\u00e7u un mail de nos agences m\u00e8res. Elles nous demandaient un certificat m\u00e9dical attestant de nos 18,5 d&rsquo;IMC. Ce qui repr\u00e9sente maximum 20 kilos de moins que notre taille. Les certificats sont d\u00e9livr\u00e9s je suppose, mais j&rsquo;observe que peu ont chang\u00e9 (raresss) ! Je me demande en fait comment et o\u00f9 vont ces jeunes filles pour avoir un certificat r\u00e9el. Si elles fournissent un certificat car elles sont beaucoup trop minces pour atteindre les 18.5 d&rsquo;IMC, c&rsquo;est clairement impossible. C&rsquo;est certain que ce n&rsquo;est pas demain que l&rsquo;on enverra une \u00e9quipe m\u00e9dicale \u00e0 la fashion week, cela taperai sur une v\u00e9ritable institution radicalement. &nbsp; &nbsp; &nbsp; &nbsp; &nbsp; Un passif encore pr\u00e9sent ! &nbsp; &nbsp; &nbsp; &nbsp; &nbsp; Vous avez, les acheteurs de l&rsquo;industrie de la mode, r\u00e9ussi \u00e0 faire bouger quelque peu les choses. Une loi a \u00e9t\u00e9 mise en place mais est toujours en cours de r\u00e9alisation, ou mise de c\u00f4t\u00e9.Les mannequins font minimum 20 kilos de moins que leur taille, ou plut\u00f4t 25 (et plus) de moins ! \u00c0 40 ans pour 1m76, ce serait pour moi 50kg, et non, je le refuse (26 de moins que ma taille ce n&rsquo;est pas pensable = pour ma sant\u00e9). C&rsquo;est pourtant le poids quasiment, 55 souvent, de beaucoup dans le domaine ce qui n&rsquo;est pas \u00e9pais. Je pesais 56kg pour 1m76 donc 18,1 d&rsquo;IMC ces ann\u00e9es l\u00e0 mais j&rsquo;avais fait mon certificat juste avant de perdre ces derniers kg. &nbsp; &nbsp; &nbsp; &nbsp; &nbsp; Une sant\u00e9 engag\u00e9e. \u00a0 \u00a0 \u00a0 \u00a0 \u00a0\u00a0Les carences sur le long terme sont r\u00e9elles et on en parle que rarement. Les probl\u00e8mes sont concrets et non pris en compte, cardiaques, r\u00e9naux, sanguins, r\u00e9sistance aux infections&#8230; Les mannequins vont \u00e9voluer, mais certaines plus difficilement que d&rsquo;autres. -&gt; je ne leur souhaite que le meilleur.<\/p>\n","protected":false},"author":684,"featured_media":0,"comment_status":"open","ping_status":"open","sticky":false,"template":"","format":"standard","meta":{"om_disable_all_campaigns":false,"footnotes":""},"categories":[7],"tags":[64,61,60,72,67,68,65,70,71,59,63,69,24,62,28,18,66],"class_list":["post-528","post","type-post","status-publish","format-standard","hentry","category-conseils-dietetique","tag-agence-de-mannequin","tag-anorexie","tag-anorexie-mentale","tag-carence","tag-defile","tag-defiles","tag-haute-couture","tag-imc","tag-maigreur","tag-mannequin","tag-mannequinat","tag-mensuration","tag-minceur","tag-modele","tag-poids","tag-regime","tag-top-model"],"featured_image_src":null,"author_info":{"display_name":"MARIE-PRISCILLA RODRIGUEZ","author_link":"http:\/\/diderot.education\/6707f-marie-priscilla-rodriguez\/author\/mariepriscillamariepriscillarodriguez\/"},"yoast_head":"<!-- This site is optimized with the Yoast SEO plugin v27.5 - https:\/\/yoast.com\/product\/yoast-seo-wordpress\/ -->\n<title>Une question de poids ! - PRISCILLA DIETETICIENNE<\/title>\n<meta name=\"description\" content=\"Question du poids dans l&#039;image corporelle : mannequinat, IMC et normes esth\u00e9tiques, d\u00e9cryptage des m\u00e9canismes qui influencent notre regard sur le corps, notre estime\" \/>\n<meta name=\"robots\" content=\"index, follow, max-snippet:-1, max-image-preview:large, max-video-preview:-1\" \/>\n<link rel=\"canonical\" href=\"http:\/\/diderot.education\/6707f-marie-priscilla-rodriguez\/2025\/04\/26\/question-du-poids-dans-limage-corporelle\/\" \/>\n<meta property=\"og:locale\" content=\"fr_FR\" \/>\n<meta property=\"og:type\" content=\"article\" \/>\n<meta property=\"og:title\" content=\"Une question de poids ! - PRISCILLA DIETETICIENNE\" \/>\n<meta property=\"og:description\" content=\"Question du poids dans l&#039;image corporelle : mannequinat, IMC et normes esth\u00e9tiques, d\u00e9cryptage des m\u00e9canismes qui influencent notre regard sur le corps, notre estime\" \/>\n<meta property=\"og:url\" content=\"http:\/\/diderot.education\/6707f-marie-priscilla-rodriguez\/2025\/04\/26\/question-du-poids-dans-limage-corporelle\/\" \/>\n<meta property=\"og:site_name\" content=\"PRISCILLA DIETETICIENNE\" \/>\n<meta property=\"article:published_time\" content=\"2025-04-26T14:27:48+00:00\" \/>\n<meta property=\"article:modified_time\" content=\"2026-03-07T19:34:56+00:00\" \/>\n<meta property=\"og:image\" content=\"http:\/\/diderot.education\/6707f-marie-priscilla-rodriguez\/wp-content\/uploads\/sites\/681\/2025\/04\/mannequinat_perte_poids_0_85Mo.jpg\" \/>\n\t<meta property=\"og:image:width\" content=\"1536\" \/>\n\t<meta property=\"og:image:height\" content=\"1024\" \/>\n\t<meta property=\"og:image:type\" content=\"image\/jpeg\" \/>\n<meta name=\"author\" content=\"MARIE-PRISCILLA RODRIGUEZ\" \/>\n<meta name=\"twitter:card\" content=\"summary_large_image\" \/>\n<meta name=\"twitter:label1\" content=\"\u00c9crit par\" \/>\n\t<meta name=\"twitter:data1\" content=\"MARIE-PRISCILLA RODRIGUEZ\" \/>\n\t<meta name=\"twitter:label2\" content=\"Dur\u00e9e de lecture estim\u00e9e\" \/>\n\t<meta name=\"twitter:data2\" content=\"5 minutes\" \/>\n<script type=\"application\/ld+json\" class=\"yoast-schema-graph\">{\"@context\":\"https:\\\/\\\/schema.org\",\"@graph\":[{\"@type\":\"Article\",\"@id\":\"http:\\\/\\\/diderot.education\\\/6707f-marie-priscilla-rodriguez\\\/2025\\\/04\\\/26\\\/question-du-poids-dans-limage-corporelle\\\/#article\",\"isPartOf\":{\"@id\":\"http:\\\/\\\/diderot.education\\\/6707f-marie-priscilla-rodriguez\\\/2025\\\/04\\\/26\\\/question-du-poids-dans-limage-corporelle\\\/\"},\"author\":{\"name\":\"MARIE-PRISCILLA RODRIGUEZ\",\"@id\":\"http:\\\/\\\/diderot.education\\\/6707f-marie-priscilla-rodriguez\\\/#\\\/schema\\\/person\\\/8996f610dc1e3b9ad5fcce5f6dfbbd07\"},\"headline\":\"Une question de poids !\",\"datePublished\":\"2025-04-26T14:27:48+00:00\",\"dateModified\":\"2026-03-07T19:34:56+00:00\",\"mainEntityOfPage\":{\"@id\":\"http:\\\/\\\/diderot.education\\\/6707f-marie-priscilla-rodriguez\\\/2025\\\/04\\\/26\\\/question-du-poids-dans-limage-corporelle\\\/\"},\"wordCount\":786,\"commentCount\":0,\"image\":{\"@id\":\"http:\\\/\\\/diderot.education\\\/6707f-marie-priscilla-rodriguez\\\/2025\\\/04\\\/26\\\/question-du-poids-dans-limage-corporelle\\\/#primaryimage\"},\"thumbnailUrl\":\"http:\\\/\\\/diderot.education\\\/6707f-marie-priscilla-rodriguez\\\/wp-content\\\/uploads\\\/sites\\\/681\\\/2025\\\/04\\\/mannequinat_perte_poids_0_85Mo-1024x683.jpg\",\"keywords\":[\"agence de mannequin\",\"anorexie\",\"anorexie mentale\",\"carence\",\"d\u00e9fil\u00e9\",\"d\u00e9fil\u00e9s\",\"haute couture\",\"IMC\",\"maigreur\",\"mannequin\",\"mannequinat\",\"mensuration\",\"minceur\",\"mod\u00e8le\",\"poids\",\"r\u00e9gime\",\"top model\"],\"articleSection\":[\"Conseils dietetique\"],\"inLanguage\":\"fr-FR\",\"potentialAction\":[{\"@type\":\"CommentAction\",\"name\":\"Comment\",\"target\":[\"http:\\\/\\\/diderot.education\\\/6707f-marie-priscilla-rodriguez\\\/2025\\\/04\\\/26\\\/question-du-poids-dans-limage-corporelle\\\/#respond\"]}]},{\"@type\":\"WebPage\",\"@id\":\"http:\\\/\\\/diderot.education\\\/6707f-marie-priscilla-rodriguez\\\/2025\\\/04\\\/26\\\/question-du-poids-dans-limage-corporelle\\\/\",\"url\":\"http:\\\/\\\/diderot.education\\\/6707f-marie-priscilla-rodriguez\\\/2025\\\/04\\\/26\\\/question-du-poids-dans-limage-corporelle\\\/\",\"name\":\"Une question de poids ! - PRISCILLA DIETETICIENNE\",\"isPartOf\":{\"@id\":\"http:\\\/\\\/diderot.education\\\/6707f-marie-priscilla-rodriguez\\\/#website\"},\"primaryImageOfPage\":{\"@id\":\"http:\\\/\\\/diderot.education\\\/6707f-marie-priscilla-rodriguez\\\/2025\\\/04\\\/26\\\/question-du-poids-dans-limage-corporelle\\\/#primaryimage\"},\"image\":{\"@id\":\"http:\\\/\\\/diderot.education\\\/6707f-marie-priscilla-rodriguez\\\/2025\\\/04\\\/26\\\/question-du-poids-dans-limage-corporelle\\\/#primaryimage\"},\"thumbnailUrl\":\"http:\\\/\\\/diderot.education\\\/6707f-marie-priscilla-rodriguez\\\/wp-content\\\/uploads\\\/sites\\\/681\\\/2025\\\/04\\\/mannequinat_perte_poids_0_85Mo-1024x683.jpg\",\"datePublished\":\"2025-04-26T14:27:48+00:00\",\"dateModified\":\"2026-03-07T19:34:56+00:00\",\"author\":{\"@id\":\"http:\\\/\\\/diderot.education\\\/6707f-marie-priscilla-rodriguez\\\/#\\\/schema\\\/person\\\/8996f610dc1e3b9ad5fcce5f6dfbbd07\"},\"description\":\"Question du poids dans l'image corporelle : mannequinat, IMC et normes esth\u00e9tiques, d\u00e9cryptage des m\u00e9canismes qui influencent notre regard sur le corps, notre estime\",\"breadcrumb\":{\"@id\":\"http:\\\/\\\/diderot.education\\\/6707f-marie-priscilla-rodriguez\\\/2025\\\/04\\\/26\\\/question-du-poids-dans-limage-corporelle\\\/#breadcrumb\"},\"inLanguage\":\"fr-FR\",\"potentialAction\":[{\"@type\":\"ReadAction\",\"target\":[\"http:\\\/\\\/diderot.education\\\/6707f-marie-priscilla-rodriguez\\\/2025\\\/04\\\/26\\\/question-du-poids-dans-limage-corporelle\\\/\"]}]},{\"@type\":\"ImageObject\",\"inLanguage\":\"fr-FR\",\"@id\":\"http:\\\/\\\/diderot.education\\\/6707f-marie-priscilla-rodriguez\\\/2025\\\/04\\\/26\\\/question-du-poids-dans-limage-corporelle\\\/#primaryimage\",\"url\":\"http:\\\/\\\/diderot.education\\\/6707f-marie-priscilla-rodriguez\\\/wp-content\\\/uploads\\\/sites\\\/681\\\/2025\\\/04\\\/mannequinat_perte_poids_0_85Mo.jpg\",\"contentUrl\":\"http:\\\/\\\/diderot.education\\\/6707f-marie-priscilla-rodriguez\\\/wp-content\\\/uploads\\\/sites\\\/681\\\/2025\\\/04\\\/mannequinat_perte_poids_0_85Mo.jpg\",\"width\":1536,\"height\":1024},{\"@type\":\"BreadcrumbList\",\"@id\":\"http:\\\/\\\/diderot.education\\\/6707f-marie-priscilla-rodriguez\\\/2025\\\/04\\\/26\\\/question-du-poids-dans-limage-corporelle\\\/#breadcrumb\",\"itemListElement\":[{\"@type\":\"ListItem\",\"position\":1,\"name\":\"Accueil\",\"item\":\"http:\\\/\\\/diderot.education\\\/6707f-marie-priscilla-rodriguez\\\/\"},{\"@type\":\"ListItem\",\"position\":2,\"name\":\"Une question de poids !\"}]},{\"@type\":\"WebSite\",\"@id\":\"http:\\\/\\\/diderot.education\\\/6707f-marie-priscilla-rodriguez\\\/#website\",\"url\":\"http:\\\/\\\/diderot.education\\\/6707f-marie-priscilla-rodriguez\\\/\",\"name\":\"PRISCILLA DIETETICIENNE\",\"description\":\"LE PLAISIR DE MIEUX MANGER\",\"potentialAction\":[{\"@type\":\"SearchAction\",\"target\":{\"@type\":\"EntryPoint\",\"urlTemplate\":\"http:\\\/\\\/diderot.education\\\/6707f-marie-priscilla-rodriguez\\\/?s={search_term_string}\"},\"query-input\":{\"@type\":\"PropertyValueSpecification\",\"valueRequired\":true,\"valueName\":\"search_term_string\"}}],\"inLanguage\":\"fr-FR\"},{\"@type\":\"Person\",\"@id\":\"http:\\\/\\\/diderot.education\\\/6707f-marie-priscilla-rodriguez\\\/#\\\/schema\\\/person\\\/8996f610dc1e3b9ad5fcce5f6dfbbd07\",\"name\":\"MARIE-PRISCILLA RODRIGUEZ\",\"image\":{\"@type\":\"ImageObject\",\"inLanguage\":\"fr-FR\",\"@id\":\"https:\\\/\\\/secure.gravatar.com\\\/avatar\\\/d161a2fefe9e42f0017215fb57392541486378dda7b07cc37d6ebdc1323c5b90?s=96&d=mm&r=g\",\"url\":\"https:\\\/\\\/secure.gravatar.com\\\/avatar\\\/d161a2fefe9e42f0017215fb57392541486378dda7b07cc37d6ebdc1323c5b90?s=96&d=mm&r=g\",\"contentUrl\":\"https:\\\/\\\/secure.gravatar.com\\\/avatar\\\/d161a2fefe9e42f0017215fb57392541486378dda7b07cc37d6ebdc1323c5b90?s=96&d=mm&r=g\",\"caption\":\"MARIE-PRISCILLA RODRIGUEZ\"},\"sameAs\":[\"https:\\\/\\\/www.instagram.com\\\/_priscilla_rodriguez\\\/\"],\"url\":\"http:\\\/\\\/diderot.education\\\/6707f-marie-priscilla-rodriguez\\\/author\\\/mariepriscillamariepriscillarodriguez\\\/\"}]}<\/script>\n<!-- \/ Yoast SEO plugin. -->","yoast_head_json":{"title":"Une question de poids ! - PRISCILLA DIETETICIENNE","description":"Question du poids dans l'image corporelle : mannequinat, IMC et normes esth\u00e9tiques, d\u00e9cryptage des m\u00e9canismes qui influencent notre regard sur le corps, notre estime","robots":{"index":"index","follow":"follow","max-snippet":"max-snippet:-1","max-image-preview":"max-image-preview:large","max-video-preview":"max-video-preview:-1"},"canonical":"http:\/\/diderot.education\/6707f-marie-priscilla-rodriguez\/2025\/04\/26\/question-du-poids-dans-limage-corporelle\/","og_locale":"fr_FR","og_type":"article","og_title":"Une question de poids ! - PRISCILLA DIETETICIENNE","og_description":"Question du poids dans l'image corporelle : mannequinat, IMC et normes esth\u00e9tiques, d\u00e9cryptage des m\u00e9canismes qui influencent notre regard sur le corps, notre estime","og_url":"http:\/\/diderot.education\/6707f-marie-priscilla-rodriguez\/2025\/04\/26\/question-du-poids-dans-limage-corporelle\/","og_site_name":"PRISCILLA DIETETICIENNE","article_published_time":"2025-04-26T14:27:48+00:00","article_modified_time":"2026-03-07T19:34:56+00:00","og_image":[{"width":1536,"height":1024,"url":"http:\/\/diderot.education\/6707f-marie-priscilla-rodriguez\/wp-content\/uploads\/sites\/681\/2025\/04\/mannequinat_perte_poids_0_85Mo.jpg","type":"image\/jpeg"}],"author":"MARIE-PRISCILLA RODRIGUEZ","twitter_card":"summary_large_image","twitter_misc":{"\u00c9crit par":"MARIE-PRISCILLA RODRIGUEZ","Dur\u00e9e de lecture estim\u00e9e":"5 minutes"},"schema":{"@context":"https:\/\/schema.org","@graph":[{"@type":"Article","@id":"http:\/\/diderot.education\/6707f-marie-priscilla-rodriguez\/2025\/04\/26\/question-du-poids-dans-limage-corporelle\/#article","isPartOf":{"@id":"http:\/\/diderot.education\/6707f-marie-priscilla-rodriguez\/2025\/04\/26\/question-du-poids-dans-limage-corporelle\/"},"author":{"name":"MARIE-PRISCILLA RODRIGUEZ","@id":"http:\/\/diderot.education\/6707f-marie-priscilla-rodriguez\/#\/schema\/person\/8996f610dc1e3b9ad5fcce5f6dfbbd07"},"headline":"Une question de poids !","datePublished":"2025-04-26T14:27:48+00:00","dateModified":"2026-03-07T19:34:56+00:00","mainEntityOfPage":{"@id":"http:\/\/diderot.education\/6707f-marie-priscilla-rodriguez\/2025\/04\/26\/question-du-poids-dans-limage-corporelle\/"},"wordCount":786,"commentCount":0,"image":{"@id":"http:\/\/diderot.education\/6707f-marie-priscilla-rodriguez\/2025\/04\/26\/question-du-poids-dans-limage-corporelle\/#primaryimage"},"thumbnailUrl":"http:\/\/diderot.education\/6707f-marie-priscilla-rodriguez\/wp-content\/uploads\/sites\/681\/2025\/04\/mannequinat_perte_poids_0_85Mo-1024x683.jpg","keywords":["agence de mannequin","anorexie","anorexie mentale","carence","d\u00e9fil\u00e9","d\u00e9fil\u00e9s","haute couture","IMC","maigreur","mannequin","mannequinat","mensuration","minceur","mod\u00e8le","poids","r\u00e9gime","top model"],"articleSection":["Conseils dietetique"],"inLanguage":"fr-FR","potentialAction":[{"@type":"CommentAction","name":"Comment","target":["http:\/\/diderot.education\/6707f-marie-priscilla-rodriguez\/2025\/04\/26\/question-du-poids-dans-limage-corporelle\/#respond"]}]},{"@type":"WebPage","@id":"http:\/\/diderot.education\/6707f-marie-priscilla-rodriguez\/2025\/04\/26\/question-du-poids-dans-limage-corporelle\/","url":"http:\/\/diderot.education\/6707f-marie-priscilla-rodriguez\/2025\/04\/26\/question-du-poids-dans-limage-corporelle\/","name":"Une question de poids ! - PRISCILLA DIETETICIENNE","isPartOf":{"@id":"http:\/\/diderot.education\/6707f-marie-priscilla-rodriguez\/#website"},"primaryImageOfPage":{"@id":"http:\/\/diderot.education\/6707f-marie-priscilla-rodriguez\/2025\/04\/26\/question-du-poids-dans-limage-corporelle\/#primaryimage"},"image":{"@id":"http:\/\/diderot.education\/6707f-marie-priscilla-rodriguez\/2025\/04\/26\/question-du-poids-dans-limage-corporelle\/#primaryimage"},"thumbnailUrl":"http:\/\/diderot.education\/6707f-marie-priscilla-rodriguez\/wp-content\/uploads\/sites\/681\/2025\/04\/mannequinat_perte_poids_0_85Mo-1024x683.jpg","datePublished":"2025-04-26T14:27:48+00:00","dateModified":"2026-03-07T19:34:56+00:00","author":{"@id":"http:\/\/diderot.education\/6707f-marie-priscilla-rodriguez\/#\/schema\/person\/8996f610dc1e3b9ad5fcce5f6dfbbd07"},"description":"Question du poids dans l'image corporelle : mannequinat, IMC et normes esth\u00e9tiques, d\u00e9cryptage des m\u00e9canismes qui influencent notre regard sur le corps, notre estime","breadcrumb":{"@id":"http:\/\/diderot.education\/6707f-marie-priscilla-rodriguez\/2025\/04\/26\/question-du-poids-dans-limage-corporelle\/#breadcrumb"},"inLanguage":"fr-FR","potentialAction":[{"@type":"ReadAction","target":["http:\/\/diderot.education\/6707f-marie-priscilla-rodriguez\/2025\/04\/26\/question-du-poids-dans-limage-corporelle\/"]}]},{"@type":"ImageObject","inLanguage":"fr-FR","@id":"http:\/\/diderot.education\/6707f-marie-priscilla-rodriguez\/2025\/04\/26\/question-du-poids-dans-limage-corporelle\/#primaryimage","url":"http:\/\/diderot.education\/6707f-marie-priscilla-rodriguez\/wp-content\/uploads\/sites\/681\/2025\/04\/mannequinat_perte_poids_0_85Mo.jpg","contentUrl":"http:\/\/diderot.education\/6707f-marie-priscilla-rodriguez\/wp-content\/uploads\/sites\/681\/2025\/04\/mannequinat_perte_poids_0_85Mo.jpg","width":1536,"height":1024},{"@type":"BreadcrumbList","@id":"http:\/\/diderot.education\/6707f-marie-priscilla-rodriguez\/2025\/04\/26\/question-du-poids-dans-limage-corporelle\/#breadcrumb","itemListElement":[{"@type":"ListItem","position":1,"name":"Accueil","item":"http:\/\/diderot.education\/6707f-marie-priscilla-rodriguez\/"},{"@type":"ListItem","position":2,"name":"Une question de poids !"}]},{"@type":"WebSite","@id":"http:\/\/diderot.education\/6707f-marie-priscilla-rodriguez\/#website","url":"http:\/\/diderot.education\/6707f-marie-priscilla-rodriguez\/","name":"PRISCILLA DIETETICIENNE","description":"LE PLAISIR DE MIEUX MANGER","potentialAction":[{"@type":"SearchAction","target":{"@type":"EntryPoint","urlTemplate":"http:\/\/diderot.education\/6707f-marie-priscilla-rodriguez\/?s={search_term_string}"},"query-input":{"@type":"PropertyValueSpecification","valueRequired":true,"valueName":"search_term_string"}}],"inLanguage":"fr-FR"},{"@type":"Person","@id":"http:\/\/diderot.education\/6707f-marie-priscilla-rodriguez\/#\/schema\/person\/8996f610dc1e3b9ad5fcce5f6dfbbd07","name":"MARIE-PRISCILLA RODRIGUEZ","image":{"@type":"ImageObject","inLanguage":"fr-FR","@id":"https:\/\/secure.gravatar.com\/avatar\/d161a2fefe9e42f0017215fb57392541486378dda7b07cc37d6ebdc1323c5b90?s=96&d=mm&r=g","url":"https:\/\/secure.gravatar.com\/avatar\/d161a2fefe9e42f0017215fb57392541486378dda7b07cc37d6ebdc1323c5b90?s=96&d=mm&r=g","contentUrl":"https:\/\/secure.gravatar.com\/avatar\/d161a2fefe9e42f0017215fb57392541486378dda7b07cc37d6ebdc1323c5b90?s=96&d=mm&r=g","caption":"MARIE-PRISCILLA RODRIGUEZ"},"sameAs":["https:\/\/www.instagram.com\/_priscilla_rodriguez\/"],"url":"http:\/\/diderot.education\/6707f-marie-priscilla-rodriguez\/author\/mariepriscillamariepriscillarodriguez\/"}]}},"_links":{"self":[{"href":"http:\/\/diderot.education\/6707f-marie-priscilla-rodriguez\/wp-json\/wp\/v2\/posts\/528","targetHints":{"allow":["GET"]}}],"collection":[{"href":"http:\/\/diderot.education\/6707f-marie-priscilla-rodriguez\/wp-json\/wp\/v2\/posts"}],"about":[{"href":"http:\/\/diderot.education\/6707f-marie-priscilla-rodriguez\/wp-json\/wp\/v2\/types\/post"}],"author":[{"embeddable":true,"href":"http:\/\/diderot.education\/6707f-marie-priscilla-rodriguez\/wp-json\/wp\/v2\/users\/684"}],"replies":[{"embeddable":true,"href":"http:\/\/diderot.education\/6707f-marie-priscilla-rodriguez\/wp-json\/wp\/v2\/comments?post=528"}],"version-history":[{"count":29,"href":"http:\/\/diderot.education\/6707f-marie-priscilla-rodriguez\/wp-json\/wp\/v2\/posts\/528\/revisions"}],"predecessor-version":[{"id":1021,"href":"http:\/\/diderot.education\/6707f-marie-priscilla-rodriguez\/wp-json\/wp\/v2\/posts\/528\/revisions\/1021"}],"wp:attachment":[{"href":"http:\/\/diderot.education\/6707f-marie-priscilla-rodriguez\/wp-json\/wp\/v2\/media?parent=528"}],"wp:term":[{"taxonomy":"category","embeddable":true,"href":"http:\/\/diderot.education\/6707f-marie-priscilla-rodriguez\/wp-json\/wp\/v2\/categories?post=528"},{"taxonomy":"post_tag","embeddable":true,"href":"http:\/\/diderot.education\/6707f-marie-priscilla-rodriguez\/wp-json\/wp\/v2\/tags?post=528"}],"curies":[{"name":"wp","href":"https:\/\/api.w.org\/{rel}","templated":true}]}}